{"id":61017,"date":"2025-09-02T11:46:52","date_gmt":"2025-09-02T14:46:52","guid":{"rendered":"https:\/\/www.sincomam.org.br\/?p=61017"},"modified":"2025-09-02T11:46:52","modified_gmt":"2025-09-02T14:46:52","slug":"frederico-carvalho-dias-assume-o-cargo-de-diretor-geral-da-antaq","status":"publish","type":"post","link":"https:\/\/www.sincomam.org.br\/index.php\/frederico-carvalho-dias-assume-o-cargo-de-diretor-geral-da-antaq\/","title":{"rendered":"Frederico Carvalho Dias assume o cargo de diretor-geral da Antaq"},"content":{"rendered":"<p>O presidente Luiz In\u00e1cio Lula da Silva e o ministro de Portos e Aeroportos, Silvio Costa Filho, deram posse na quinta-feira (28) ao novo diretor-geral da Ag\u00eancia Nacional de Transportes Aquavi\u00e1rios (Antaq), Frederico Carvalho Dias. Formado em Engenharia Civil pela Universidade Federal de Minas Gerais (UFMG) e em Direito pelo Instituto Brasiliense de Direito P\u00fablico (IDP), exercer\u00e1 mandato de cinco anos.<\/p>\n<p>Dias possui ainda p\u00f3s-gradua\u00e7\u00f5es em Controle da Regula\u00e7\u00e3o de Infraestrutura e em Auditoria e Controle Governamental. Desde 2008, ele \u00e9 auditor federal de Controle Externo e exerceu cargos no Tribunal de Contas da Uni\u00e3o (TCU), do qual era secret\u00e1rio-geral da Presid\u00eancia desde 2022.<\/p>\n<p>Na mesma cerim\u00f4nia, em Bras\u00edlia, tamb\u00e9m tomaram posse o novo diretor-presidente da Ag\u00eancia Nacional de Avia\u00e7\u00e3o Civil (Anac), o engenheiro eletricista Tiago Chagas Faierstein, e, como diretores, o brigadeiro Rui Chagas Mesquita e o gestor financeiro Antonio Mathias Nogueira Moreira.<\/p>\n<p>Ao dar posse aos novos diretores das Ag\u00eancias, Silvio Costa Filho destacou o papel da Antaq e da Anac e disse que tanto a navega\u00e7\u00e3o como a avia\u00e7\u00e3o brasileira \u201cpassam por uma fase de expans\u00e3o e moderniza\u00e7\u00e3o\u201d. Segundo ele, os setores aquavi\u00e1rio e aerovi\u00e1rio est\u00e3o em expans\u00e3o, com projetos que est\u00e3o ampliando e modernizando os portos e aeroportos. Ele citou como exemplo os investimentos em Instala\u00e7\u00f5es Portu\u00e1rias de Pequeno Porte (IP4).<\/p>\n<p>Fonte: Revista Portos e Navios<\/p>\n","protected":false},"excerpt":{"rendered":"<p>O presidente Luiz In\u00e1cio Lula da Silva e o ministro de Portos e Aeroportos, Silvio Costa Filho, deram posse na quinta-feira (28) ao novo diretor-geral&#8230;<\/p>\n","protected":false},"author":1527,"featured_media":61018,"comment_status":"closed","ping_status":"closed","sticky":false,"template":"","format":"standard","meta":{"footnotes":""},"categories":[6],"tags":[],"class_list":["post-61017","post","type-post","status-publish","format-standard","has-post-thumbnail","hentry","category-noticias"],"_links":{"self":[{"href":"https:\/\/www.sincomam.org.br\/index.php\/wp-json\/wp\/v2\/posts\/61017","targetHints":{"allow":["GET"]}}],"collection":[{"href":"https:\/\/www.sincomam.org.br\/index.php\/wp-json\/wp\/v2\/posts"}],"about":[{"href":"https:\/\/www.sincomam.org.br\/index.php\/wp-json\/wp\/v2\/types\/post"}],"author":[{"embeddable":true,"href":"https:\/\/www.sincomam.org.br\/index.php\/wp-json\/wp\/v2\/users\/1527"}],"replies":[{"embeddable":true,"href":"https:\/\/www.sincomam.org.br\/index.php\/wp-json\/wp\/v2\/comments?post=61017"}],"version-history":[{"count":1,"href":"https:\/\/www.sincomam.org.br\/index.php\/wp-json\/wp\/v2\/posts\/61017\/revisions"}],"predecessor-version":[{"id":61019,"href":"https:\/\/www.sincomam.org.br\/index.php\/wp-json\/wp\/v2\/posts\/61017\/revisions\/61019"}],"wp:featuredmedia":[{"embeddable":true,"href":"https:\/\/www.sincomam.org.br\/index.php\/wp-json\/wp\/v2\/media\/61018"}],"wp:attachment":[{"href":"https:\/\/www.sincomam.org.br\/index.php\/wp-json\/wp\/v2\/media?parent=61017"}],"wp:term":[{"taxonomy":"category","embeddable":true,"href":"https:\/\/www.sincomam.org.br\/index.php\/wp-json\/wp\/v2\/categories?post=61017"},{"taxonomy":"post_tag","embeddable":true,"href":"https:\/\/www.sincomam.org.br\/index.php\/wp-json\/wp\/v2\/tags?post=61017"}],"curies":[{"name":"wp","href":"https:\/\/api.w.org\/{rel}","templated":true}]}}