{"id":61002,"date":"2025-09-01T11:46:22","date_gmt":"2025-09-01T14:46:22","guid":{"rendered":"https:\/\/www.sincomam.org.br\/?p=61002"},"modified":"2025-09-01T11:46:22","modified_gmt":"2025-09-01T14:46:22","slug":"marinha-do-brasil-e-forca-maritima-de-autodefesa-do-japao-conduzem-exercicios-no-litoral-do-rio-de-janeiro","status":"publish","type":"post","link":"https:\/\/www.sincomam.org.br\/index.php\/marinha-do-brasil-e-forca-maritima-de-autodefesa-do-japao-conduzem-exercicios-no-litoral-do-rio-de-janeiro\/","title":{"rendered":"Marinha do Brasil e For\u00e7a Mar\u00edtima de Autodefesa do Jap\u00e3o conduzem exerc\u00edcios no litoral do Rio de Janeiro"},"content":{"rendered":"<p class=\"text-align-justify\">A Marinha do Brasil e a Esquadra de Treinamento da For\u00e7a Mar\u00edtima de Autodefesa do Jap\u00e3o conduziram diversos exerc\u00edcios operativos no litoral do estado do Rio de Janeiro. As Fragatas \u201cDefensora\u201d e \u201cUni\u00e3o\u201d desatracaram da Base Naval do Rio de Janeiro no dia anterior, rumo \u00e0s proximidades de Cabo Frio (RJ), local designado como ponto de encontro com os navios japoneses.<\/p>\n<p class=\"text-align-justify\">A Esquadra de Treinamento japon\u00eas, sob o comando do Contra-Almirante Hiroshi Watanabe, \u00e9 formado pelo navio-escola JS \u201cKashima\u201d e pelo destr\u00f3ier JS \u201cShimakaze\u201d, da Classe \u201cHatakaze\u201d, adaptado para treinamento. A escala no Brasil faz parte do cruzeiro de treinamento, cujo prop\u00f3sito \u00e9 qualificar os futuros Oficiais e fortalecer as rela\u00e7\u00f5es diplom\u00e1ticas.<\/p>\n<p class=\"text-align-justify\">Al\u00e9m das Fragatas \u201cDefensora\u201d e \u201cUni\u00e3o\u201d, a Marinha do Brasil alocou para essa miss\u00e3o as aeronaves AH-11B \u201cSuperLynx\u201d, embarcada na Fragata \u201cDefensora\u201d, e AF-1 \u201cSkyhawk\u201d, que decolou da Base A\u00e9rea Naval de S\u00e3o Pedro da Aldeia (RJ). Os navios realizaram diversos exerc\u00edcios operativos por meio de manobras t\u00e1ticas, dentre eles o de tr\u00e2nsito sob amea\u00e7a a\u00e9rea, com a participa\u00e7\u00e3o da AF-1 \u201cSkyhawk\u201d, do 1\u00ba Esquadr\u00e3o de Avi\u00f5es de Intercepta\u00e7\u00e3o e Ataque, simulando uma amea\u00e7a inimiga.<\/p>\n<figure><\/figure>\n<p class=\"text-align-justify\">A aeronave AH-11B \u201cSuperLynx\u201d foi empregada na condu\u00e7\u00e3o de exerc\u00edcio do tipo <em>Helo Cross Deck<\/em>, com pousos sucessivos da aeronave brasileira a bordo do navio JS \u201cKashima\u201d. Tais atividades contribu\u00edram para o adestramento das tripula\u00e7\u00f5es e o aprimoramento das opera\u00e7\u00f5es a\u00e9reas embarcadas.<\/p>\n<figure><\/figure>\n<p class=\"text-align-justify\">Al\u00e9m dos exerc\u00edcios operativos, foi realizado o interc\u00e2mbio de militares entre os navios, promovendo a troca de experi\u00eancias profissionais e culturais. Esse exerc\u00edcio conjunto entre as Marinhas teve como prop\u00f3sito aprimorar a interoperabilidade entre as For\u00e7as, fortalecer la\u00e7os de amizade e intensificar a coopera\u00e7\u00e3o no campo da diplomacia naval.<\/p>\n<p class=\"text-align-justify\">O Comandante do 1\u00b0 Esquadr\u00e3o de Escolta e do Grupo-Tarefa brasileiro, Capit\u00e3o de Mar e Guerra Caetano Quinaia Silveira, ressaltou a import\u00e2ncia dos exerc\u00edcios, que demonstram a capacidade das Marinhas operarem em conjunto.<\/p>\n<p class=\"text-align-justify\">A visita do Esquadra de Treinamento contou com aproximadamente 580 tripulantes, entre eles cerca de 190 Guardas-Marinha rec\u00e9m-formados como Aspirantes a Oficial, na academia militar. A comiss\u00e3o teve como uma das finalidades cumprir com a navega\u00e7\u00e3o transoce\u00e2nica de instru\u00e7\u00e3o aos futuros Oficiais japoneses.<\/p>\n<figure><\/figure>\n<p class=\"text-align-justify\">O Contra-Almirante Hiroshi Watanabe destacou a imensa satisfa\u00e7\u00e3o em poder realizar exerc\u00edcios conjuntos com navios da Marinha do Brasil. Segundo ele, foram not\u00e1veis a prepara\u00e7\u00e3o e a capacidade operativa dos militares envolvidos, tanto nas fases de planejamento quanto na execu\u00e7\u00e3o.<\/p>\n<p class=\"text-align-justify\">A visita ao Brasil, al\u00e9m de proporcionar treinamento aos jovens Oficiais japoneses, marca os 130 anos do Tratado de Amizade, Com\u00e9rcio e Navega\u00e7\u00e3o entre os dois pa\u00edses.<\/p>\n<p class=\"text-align-justify\">\nFonte: Ag\u00eancia Marinha de Not\u00edcias<\/p>\n","protected":false},"excerpt":{"rendered":"<p>A Marinha do Brasil e a Esquadra de Treinamento da For\u00e7a Mar\u00edtima de Autodefesa do Jap\u00e3o conduziram diversos exerc\u00edcios operativos no litoral do estado do&#8230;<\/p>\n","protected":false},"author":1527,"featured_media":61003,"comment_status":"closed","ping_status":"closed","sticky":false,"template":"","format":"standard","meta":{"footnotes":""},"categories":[6],"tags":[],"class_list":["post-61002","post","type-post","status-publish","format-standard","has-post-thumbnail","hentry","category-noticias"],"_links":{"self":[{"href":"https:\/\/www.sincomam.org.br\/index.php\/wp-json\/wp\/v2\/posts\/61002","targetHints":{"allow":["GET"]}}],"collection":[{"href":"https:\/\/www.sincomam.org.br\/index.php\/wp-json\/wp\/v2\/posts"}],"about":[{"href":"https:\/\/www.sincomam.org.br\/index.php\/wp-json\/wp\/v2\/types\/post"}],"author":[{"embeddable":true,"href":"https:\/\/www.sincomam.org.br\/index.php\/wp-json\/wp\/v2\/users\/1527"}],"replies":[{"embeddable":true,"href":"https:\/\/www.sincomam.org.br\/index.php\/wp-json\/wp\/v2\/comments?post=61002"}],"version-history":[{"count":1,"href":"https:\/\/www.sincomam.org.br\/index.php\/wp-json\/wp\/v2\/posts\/61002\/revisions"}],"predecessor-version":[{"id":61004,"href":"https:\/\/www.sincomam.org.br\/index.php\/wp-json\/wp\/v2\/posts\/61002\/revisions\/61004"}],"wp:featuredmedia":[{"embeddable":true,"href":"https:\/\/www.sincomam.org.br\/index.php\/wp-json\/wp\/v2\/media\/61003"}],"wp:attachment":[{"href":"https:\/\/www.sincomam.org.br\/index.php\/wp-json\/wp\/v2\/media?parent=61002"}],"wp:term":[{"taxonomy":"category","embeddable":true,"href":"https:\/\/www.sincomam.org.br\/index.php\/wp-json\/wp\/v2\/categories?post=61002"},{"taxonomy":"post_tag","embeddable":true,"href":"https:\/\/www.sincomam.org.br\/index.php\/wp-json\/wp\/v2\/tags?post=61002"}],"curies":[{"name":"wp","href":"https:\/\/api.w.org\/{rel}","templated":true}]}}