{"id":60996,"date":"2025-09-01T11:23:53","date_gmt":"2025-09-01T14:23:53","guid":{"rendered":"https:\/\/www.sincomam.org.br\/?p=60996"},"modified":"2025-09-01T11:23:53","modified_gmt":"2025-09-01T14:23:53","slug":"modec-firma-parceria-para-desenvolver-tecnologia-para-geracao-de-energia-limpa-em-fpsos","status":"publish","type":"post","link":"https:\/\/www.sincomam.org.br\/index.php\/modec-firma-parceria-para-desenvolver-tecnologia-para-geracao-de-energia-limpa-em-fpsos\/","title":{"rendered":"Modec firma parceria para desenvolver tecnologia para gera\u00e7\u00e3o de energia limpa em FPSOs"},"content":{"rendered":"<p>A Modec, empresa que opera na constru\u00e7\u00e3o, afretamento e opera\u00e7\u00e3o de plataformas flutuantes para produ\u00e7\u00e3o de \u00f3leo e g\u00e1s, anunciou na quinta-feira (28) a assinatura de contrato com a norueguesa Eld Energy para testar um sistema piloto de c\u00e9lulas a combust\u00edvel de \u00f3xido s\u00f3lido (SOFCs), que geram energia sem combust\u00e3o. A empresa informou que uma de suas embarca\u00e7\u00f5es que atuam na \u00e1rea do pr\u00e9-sal brasileiro ser\u00e1 a primeira offshore no mundo a usar a tecnologia.<\/p>\n<p>Segundo explica\u00e7\u00e3o da empresa, as SOFCs funcionam de forma similar a pilhas e baterias, convertendo energia qu\u00edmica em eletricidade, sem combust\u00e3o, a partir de uma rea\u00e7\u00e3o eletroqu\u00edmica entre um g\u00e1s combust\u00edvel, produzido pela pr\u00f3pria unidade, e o oxig\u00eanio. Al\u00e9m disso, de acordo com a Modec, as c\u00e9lulas s\u00e3o mais eficientes e podem reduzir em at\u00e9 50% a emiss\u00e3o de gases do efeito estufa (GEE), se comparadas aos sistemas de turbinas a g\u00e1s tradicionais.<\/p>\n<p>O sistema de c\u00e9lulas passou por estudo de viabilidade em laborat\u00f3rio com g\u00e1s simulado, e uma planta piloto, capaz de gerar at\u00e9 40 kW, est\u00e1 sendo constru\u00edda pela Eld Energy em Bergen, na Noruega. A previs\u00e3o \u00e9 que os testes comecem em 2026. A expectativa \u00e9 de que, se o experimento for considerado bem-sucedido, a tecnologia seja alternativa mais sustent\u00e1vel e est\u00e1vel para gera\u00e7\u00e3o de energia em opera\u00e7\u00f5es offshore.<\/p>\n<p>Fonte: Portos e Navi0s<\/p>\n","protected":false},"excerpt":{"rendered":"<p>A Modec, empresa que opera na constru\u00e7\u00e3o, afretamento e opera\u00e7\u00e3o de plataformas flutuantes para produ\u00e7\u00e3o de \u00f3leo e g\u00e1s, anunciou na quinta-feira (28) a assinatura&#8230;<\/p>\n","protected":false},"author":1527,"featured_media":60997,"comment_status":"closed","ping_status":"closed","sticky":false,"template":"","format":"standard","meta":{"footnotes":""},"categories":[6],"tags":[],"class_list":["post-60996","post","type-post","status-publish","format-standard","has-post-thumbnail","hentry","category-noticias"],"_links":{"self":[{"href":"https:\/\/www.sincomam.org.br\/index.php\/wp-json\/wp\/v2\/posts\/60996","targetHints":{"allow":["GET"]}}],"collection":[{"href":"https:\/\/www.sincomam.org.br\/index.php\/wp-json\/wp\/v2\/posts"}],"about":[{"href":"https:\/\/www.sincomam.org.br\/index.php\/wp-json\/wp\/v2\/types\/post"}],"author":[{"embeddable":true,"href":"https:\/\/www.sincomam.org.br\/index.php\/wp-json\/wp\/v2\/users\/1527"}],"replies":[{"embeddable":true,"href":"https:\/\/www.sincomam.org.br\/index.php\/wp-json\/wp\/v2\/comments?post=60996"}],"version-history":[{"count":1,"href":"https:\/\/www.sincomam.org.br\/index.php\/wp-json\/wp\/v2\/posts\/60996\/revisions"}],"predecessor-version":[{"id":60998,"href":"https:\/\/www.sincomam.org.br\/index.php\/wp-json\/wp\/v2\/posts\/60996\/revisions\/60998"}],"wp:featuredmedia":[{"embeddable":true,"href":"https:\/\/www.sincomam.org.br\/index.php\/wp-json\/wp\/v2\/media\/60997"}],"wp:attachment":[{"href":"https:\/\/www.sincomam.org.br\/index.php\/wp-json\/wp\/v2\/media?parent=60996"}],"wp:term":[{"taxonomy":"category","embeddable":true,"href":"https:\/\/www.sincomam.org.br\/index.php\/wp-json\/wp\/v2\/categories?post=60996"},{"taxonomy":"post_tag","embeddable":true,"href":"https:\/\/www.sincomam.org.br\/index.php\/wp-json\/wp\/v2\/tags?post=60996"}],"curies":[{"name":"wp","href":"https:\/\/api.w.org\/{rel}","templated":true}]}}