{"id":60993,"date":"2025-09-01T11:22:19","date_gmt":"2025-09-01T14:22:19","guid":{"rendered":"https:\/\/www.sincomam.org.br\/?p=60993"},"modified":"2025-09-01T11:22:19","modified_gmt":"2025-09-01T14:22:19","slug":"concessao-do-canal-de-acesso-de-itajai-preve-calado-de-16m-para-receber-navios-de-ate-400m","status":"publish","type":"post","link":"https:\/\/www.sincomam.org.br\/index.php\/concessao-do-canal-de-acesso-de-itajai-preve-calado-de-16m-para-receber-navios-de-ate-400m\/","title":{"rendered":"Concess\u00e3o do canal de acesso de Itaja\u00ed prev\u00ea calado de 16m para receber navios de at\u00e9 400m"},"content":{"rendered":"<p>O processo de concess\u00e3o do canal de acesso ao Porto de Itaja\u00ed, enviado na \u00faltima quinta-feira (28) pelo Minist\u00e9rio de Portos e Aeroportos (MPor) ao Tribunal de Contas da Uni\u00e3o (TCU), prev\u00ea que, depois dos investimentos em obras de infraestrutura, o terminal poder\u00e1 receber navios de at\u00e9 400 metros, os maiores em opera\u00e7\u00e3o atualmente no mundo. A proposta \u00e9 de que, com dragagem, o calado chegue a 16 metros a partir do quarto ano de concess\u00e3o. A expectativa da Secretaria Nacional de Portos \u00e9 de que o leil\u00e3o seja no primeiro trimestre de 2026.<\/p>\n<p>Segundo o ministro S\u00edlvio Costa Filho, a concess\u00e3o de canais de acesso faz parte da estrat\u00e9gia do governo federal para melhorar a infraestrutura e criar condi\u00e7\u00f5es para ampliar a movimenta\u00e7\u00e3o em portos considerados estrat\u00e9gicos. Ele explicou que a cess\u00e3o reduz a burocracia para realiza\u00e7\u00e3o de dragagens e garante previsibilidade para os operadores. \u201cIsso acaba reduzindo custos e tornando nossos produtos ainda mais competitivos\u201d, disse.<\/p>\n<p>Na semana passada, o minist\u00e9rio e a Ag\u00eancia Nacional de Transportes Aquavi\u00e1rios (Antaq) divulgaram o edital para concess\u00e3o do canal de acesso ao Porto de Paranagu\u00e1, cujo leil\u00e3o ser\u00e1 em 22 de outubro. Segundo a Pasta, uma das exig\u00eancias \u00e9 que a empresa vencedora aumente o calado de 13,1 metros para 15,5 metros, al\u00e9m de ser respons\u00e1vel pela manuten\u00e7\u00e3o da infraestrutura do canal.<\/p>\n<p>O minist\u00e9rio informou que os pr\u00f3ximos canais de acesso a serem concedidos ser\u00e3o os dos portos de Santos, em S\u00e3o Paulo, da Bahia e de Rio Grande, no Rio Grande do Sul. O de Santos, que j\u00e1 est\u00e1 sendo analisado pela Antaq, prev\u00ea, de acordo com o MPor, a amplia\u00e7\u00e3o gradual do calado, de 15 metros para 17 metros.<\/p>\n<p>Fonte: Portos e Navios<\/p>\n","protected":false},"excerpt":{"rendered":"<p>O processo de concess\u00e3o do canal de acesso ao Porto de Itaja\u00ed, enviado na \u00faltima quinta-feira (28) pelo Minist\u00e9rio de Portos e Aeroportos (MPor) ao&#8230;<\/p>\n","protected":false},"author":1527,"featured_media":0,"comment_status":"closed","ping_status":"closed","sticky":false,"template":"","format":"standard","meta":{"footnotes":""},"categories":[6],"tags":[],"class_list":["post-60993","post","type-post","status-publish","format-standard","hentry","category-noticias"],"_links":{"self":[{"href":"https:\/\/www.sincomam.org.br\/index.php\/wp-json\/wp\/v2\/posts\/60993","targetHints":{"allow":["GET"]}}],"collection":[{"href":"https:\/\/www.sincomam.org.br\/index.php\/wp-json\/wp\/v2\/posts"}],"about":[{"href":"https:\/\/www.sincomam.org.br\/index.php\/wp-json\/wp\/v2\/types\/post"}],"author":[{"embeddable":true,"href":"https:\/\/www.sincomam.org.br\/index.php\/wp-json\/wp\/v2\/users\/1527"}],"replies":[{"embeddable":true,"href":"https:\/\/www.sincomam.org.br\/index.php\/wp-json\/wp\/v2\/comments?post=60993"}],"version-history":[{"count":1,"href":"https:\/\/www.sincomam.org.br\/index.php\/wp-json\/wp\/v2\/posts\/60993\/revisions"}],"predecessor-version":[{"id":60994,"href":"https:\/\/www.sincomam.org.br\/index.php\/wp-json\/wp\/v2\/posts\/60993\/revisions\/60994"}],"wp:attachment":[{"href":"https:\/\/www.sincomam.org.br\/index.php\/wp-json\/wp\/v2\/media?parent=60993"}],"wp:term":[{"taxonomy":"category","embeddable":true,"href":"https:\/\/www.sincomam.org.br\/index.php\/wp-json\/wp\/v2\/categories?post=60993"},{"taxonomy":"post_tag","embeddable":true,"href":"https:\/\/www.sincomam.org.br\/index.php\/wp-json\/wp\/v2\/tags?post=60993"}],"curies":[{"name":"wp","href":"https:\/\/api.w.org\/{rel}","templated":true}]}}