{"id":60984,"date":"2025-08-29T12:49:32","date_gmt":"2025-08-29T15:49:32","guid":{"rendered":"https:\/\/www.sincomam.org.br\/?p=60984"},"modified":"2025-08-29T12:49:32","modified_gmt":"2025-08-29T15:49:32","slug":"conselho-da-petrobras-aprova-nome-de-indicado-pelo-governo","status":"publish","type":"post","link":"https:\/\/www.sincomam.org.br\/index.php\/conselho-da-petrobras-aprova-nome-de-indicado-pelo-governo\/","title":{"rendered":"Conselho da Petrobras aprova nome de indicado pelo governo"},"content":{"rendered":"<p>A\u00a0Petrobras\u00a0informou nesta sexta-feira (29) que o Conselho de Administra\u00e7\u00e3o da companhia aprovou a indica\u00e7\u00e3o de Marcelo Weick Pogliese para o colegiado. O nome de Pogliese tinha sido sugerido pelo governo na \u00faltima quarta-feira (27), por meio do Minist\u00e9rio de Minas e Energia (MME).<img decoding=\"async\" src=\"https:\/\/agenciabrasil.ebc.com.br\/ebc.png?id=1656356&amp;o=node\" \/><img decoding=\"async\" src=\"https:\/\/agenciabrasil.ebc.com.br\/ebc.gif?id=1656356&amp;o=node\" \/><\/p>\n<p>Pogliese substituir\u00e1\u00a0Pietro Mendes, que deixou a presid\u00eancia do conselho\u00a0para assumir uma diretoria da Ag\u00eancia Nacional do Petr\u00f3leo, G\u00e1s Natural e Biocombust\u00edveis (ANP), \u00f3rg\u00e3o regulador da ind\u00fastria do petr\u00f3leo, vinculado ao MME.<\/p>\n<p>O conselho de administra\u00e7\u00e3o \u00e9 um \u00f3rg\u00e3o colegiado de orienta\u00e7\u00e3o e dire\u00e7\u00e3o superior, respons\u00e1vel pela defini\u00e7\u00e3o das estrat\u00e9gias da empresa. \u00c9 composto por, no m\u00ednimo, sete e, no m\u00e1ximo, 11\u00a0integrantes.<\/p>\n<p>Fazem parte do conselho indica\u00e7\u00f5es do acionista controlador (governo federal), acionistas minorit\u00e1rios e um representante eleito pelos funcion\u00e1rios da estatal.<\/p>\n<p>Al\u00e9m de Pogliese, s\u00e3o da cota do governo o presidente do conselho, Bruno Moretti, a presidente da empresa, Magda Chambriard, al\u00e9m de Rafael Ramalho Dubeux, Renato Galuppo e Jos\u00e9 Fernando Coura.<\/p>\n<p>A representante eleita pelos empregados \u00e9 Rosangela Buzanelli Torres. Foram indicados por minorit\u00e1rios Aloisio Mac\u00e1rio Ferreira de Souza, Francisco Petros, Jer\u00f4nimo Antunes e Jos\u00e9 Jo\u00e3o Abdalla Filho,<\/p>\n<h2>Curr\u00edculo<\/h2>\n<p>Marcelo Pogliese \u00e9 secret\u00e1rio especial de Assuntos Jur\u00eddicos da Casa Civil da Presid\u00eancia da Rep\u00fablica e professor efetivo da Universidade Federal da Para\u00edba.<\/p>\n<p>\u00c9 advogado, p\u00f3s-doutor em direito p\u00fablico pela Universidade de Santiago de Compostela (Espanha), doutor em direito pela Universidade do Estado do Rio de Janeiro (Uerj) e mestre em direito pela Universidade Federal do Rio Grande do Norte (UFRN).<\/p>\n<p>J\u00e1 ocupou cargos como procurador-geral de Jo\u00e3o Pessoa, procurador-geral da Para\u00edba e chefe da Casa Civil do governo da Para\u00edba. Foi tamb\u00e9m assessor especial da presid\u00eancia na Petrobras.<\/p>\n<p>Fonte: Ag\u00eancia Brasil<\/p>\n","protected":false},"excerpt":{"rendered":"<p>A\u00a0Petrobras\u00a0informou nesta sexta-feira (29) que o Conselho de Administra\u00e7\u00e3o da companhia aprovou a indica\u00e7\u00e3o de Marcelo Weick Pogliese para o colegiado. O nome de Pogliese&#8230;<\/p>\n","protected":false},"author":1527,"featured_media":60985,"comment_status":"closed","ping_status":"closed","sticky":false,"template":"","format":"standard","meta":{"footnotes":""},"categories":[6],"tags":[],"class_list":["post-60984","post","type-post","status-publish","format-standard","has-post-thumbnail","hentry","category-noticias"],"_links":{"self":[{"href":"https:\/\/www.sincomam.org.br\/index.php\/wp-json\/wp\/v2\/posts\/60984","targetHints":{"allow":["GET"]}}],"collection":[{"href":"https:\/\/www.sincomam.org.br\/index.php\/wp-json\/wp\/v2\/posts"}],"about":[{"href":"https:\/\/www.sincomam.org.br\/index.php\/wp-json\/wp\/v2\/types\/post"}],"author":[{"embeddable":true,"href":"https:\/\/www.sincomam.org.br\/index.php\/wp-json\/wp\/v2\/users\/1527"}],"replies":[{"embeddable":true,"href":"https:\/\/www.sincomam.org.br\/index.php\/wp-json\/wp\/v2\/comments?post=60984"}],"version-history":[{"count":1,"href":"https:\/\/www.sincomam.org.br\/index.php\/wp-json\/wp\/v2\/posts\/60984\/revisions"}],"predecessor-version":[{"id":60986,"href":"https:\/\/www.sincomam.org.br\/index.php\/wp-json\/wp\/v2\/posts\/60984\/revisions\/60986"}],"wp:featuredmedia":[{"embeddable":true,"href":"https:\/\/www.sincomam.org.br\/index.php\/wp-json\/wp\/v2\/media\/60985"}],"wp:attachment":[{"href":"https:\/\/www.sincomam.org.br\/index.php\/wp-json\/wp\/v2\/media?parent=60984"}],"wp:term":[{"taxonomy":"category","embeddable":true,"href":"https:\/\/www.sincomam.org.br\/index.php\/wp-json\/wp\/v2\/categories?post=60984"},{"taxonomy":"post_tag","embeddable":true,"href":"https:\/\/www.sincomam.org.br\/index.php\/wp-json\/wp\/v2\/tags?post=60984"}],"curies":[{"name":"wp","href":"https:\/\/api.w.org\/{rel}","templated":true}]}}