{"id":60969,"date":"2025-08-29T12:04:44","date_gmt":"2025-08-29T15:04:44","guid":{"rendered":"https:\/\/www.sincomam.org.br\/?p=60969"},"modified":"2025-08-29T12:04:44","modified_gmt":"2025-08-29T15:04:44","slug":"ordem-de-servico-para-dragagem-de-suape-sera-assinada","status":"publish","type":"post","link":"https:\/\/www.sincomam.org.br\/index.php\/ordem-de-servico-para-dragagem-de-suape-sera-assinada\/","title":{"rendered":"Ordem de servi\u00e7o para dragagem de Suape ser\u00e1 assinada"},"content":{"rendered":"<p>O Minist\u00e9rio de Portos e Aeroportos (MPor) anunciou que ser\u00e1 assinada, nesta sexta-feira (29), em Pernambuco, pelo ministro Silvio Costa Filho, a ordem de servi\u00e7o para in\u00edcio da dragagem do Porto de Suape, que vai ampliar a profundida do canal interno do terminal. O investimentos para a realiza\u00e7\u00e3o dos trabalhos ser\u00e1 de R$ 204 milh\u00f5es.<\/p>\n<p>O MPor informou que os servi\u00e7os ser\u00e3o custeados em parceria pelos governos federal e estadual, sendo R$ 100 milh\u00f5es em aportes feitos pelo primeiro e R$ 104<br \/>\nmilh\u00f5es pelo segundo. Com a obra, a profundidade do canal ser\u00e1 de 16,4 metros, permitindo a entrada de navios de grande porte, como porta-cont\u00eaineres.<\/p>\n<p>Segundo o Minist\u00e9rio, a dragagem \u00e9 considerada estrat\u00e9gica para a expans\u00e3o da movimenta\u00e7\u00e3o de cargas em Suape. Al\u00e9m disso, a profundidade ampliada e a<br \/>\npossibilidade de receber navios de grande portes permitir\u00e3o a implanta\u00e7\u00e3o do novo terminal de cont\u00eaineres da APM Terminals (Maersk).<\/p>\n<p>Fonte:\u00a0Revista Portos e Navios<\/p>\n","protected":false},"excerpt":{"rendered":"<p>O Minist\u00e9rio de Portos e Aeroportos (MPor) anunciou que ser\u00e1 assinada, nesta sexta-feira (29), em Pernambuco, pelo ministro Silvio Costa Filho, a ordem de servi\u00e7o&#8230;<\/p>\n","protected":false},"author":1527,"featured_media":60970,"comment_status":"closed","ping_status":"closed","sticky":false,"template":"","format":"standard","meta":{"footnotes":""},"categories":[6],"tags":[],"class_list":["post-60969","post","type-post","status-publish","format-standard","has-post-thumbnail","hentry","category-noticias"],"_links":{"self":[{"href":"https:\/\/www.sincomam.org.br\/index.php\/wp-json\/wp\/v2\/posts\/60969","targetHints":{"allow":["GET"]}}],"collection":[{"href":"https:\/\/www.sincomam.org.br\/index.php\/wp-json\/wp\/v2\/posts"}],"about":[{"href":"https:\/\/www.sincomam.org.br\/index.php\/wp-json\/wp\/v2\/types\/post"}],"author":[{"embeddable":true,"href":"https:\/\/www.sincomam.org.br\/index.php\/wp-json\/wp\/v2\/users\/1527"}],"replies":[{"embeddable":true,"href":"https:\/\/www.sincomam.org.br\/index.php\/wp-json\/wp\/v2\/comments?post=60969"}],"version-history":[{"count":1,"href":"https:\/\/www.sincomam.org.br\/index.php\/wp-json\/wp\/v2\/posts\/60969\/revisions"}],"predecessor-version":[{"id":60971,"href":"https:\/\/www.sincomam.org.br\/index.php\/wp-json\/wp\/v2\/posts\/60969\/revisions\/60971"}],"wp:featuredmedia":[{"embeddable":true,"href":"https:\/\/www.sincomam.org.br\/index.php\/wp-json\/wp\/v2\/media\/60970"}],"wp:attachment":[{"href":"https:\/\/www.sincomam.org.br\/index.php\/wp-json\/wp\/v2\/media?parent=60969"}],"wp:term":[{"taxonomy":"category","embeddable":true,"href":"https:\/\/www.sincomam.org.br\/index.php\/wp-json\/wp\/v2\/categories?post=60969"},{"taxonomy":"post_tag","embeddable":true,"href":"https:\/\/www.sincomam.org.br\/index.php\/wp-json\/wp\/v2\/tags?post=60969"}],"curies":[{"name":"wp","href":"https:\/\/api.w.org\/{rel}","templated":true}]}}