{"id":60956,"date":"2025-08-28T11:12:33","date_gmt":"2025-08-28T14:12:33","guid":{"rendered":"https:\/\/www.sincomam.org.br\/?p=60956"},"modified":"2025-08-28T11:14:40","modified_gmt":"2025-08-28T14:14:40","slug":"60956","status":"publish","type":"post","link":"https:\/\/www.sincomam.org.br\/index.php\/60956\/","title":{"rendered":"Rui Costa: revis\u00e3o de tabela do IR movimentar\u00e1 a economia do pa\u00eds"},"content":{"rendered":"<p>A\u00a0amplia\u00e7\u00e3o do n\u00famero de contribuintes isentos de pagar imposto de renda resultar\u00e1 em mais consumo e com\u00e9rcio, beneficiando a economia do pa\u00eds como um todo. A expectativa do governo \u00e9 que, quando entrar em vigor, a medida beneficie mais de 20 milh\u00f5es de pessoas, disse o ministro da Casa Civil, Rui Costa, nesta quarta-feira (27).<img decoding=\"async\" src=\"https:\/\/agenciabrasil.ebc.com.br\/ebc.png?id=1655996&amp;o=node\" \/><img decoding=\"async\" src=\"https:\/\/agenciabrasil.ebc.com.br\/ebc.gif?id=1655996&amp;o=node\" \/><\/p>\n<p>A afirma\u00e7\u00e3o foi durante o programa\u00a0<em>Bom Dia, Ministro,<\/em>\u00a0produzido pela\u00a0Empresa Brasil de Comunica\u00e7\u00e3o (EBC). Segundo ele,\u00a0al\u00e9m de serem compensados pelas al\u00edquotas a serem cobradas de milion\u00e1rios, os valores que deixar\u00e3o de ser recolhidos ter\u00e3o como destino carrinho de supermercados, feiras livres, alimentos, roupas para filhos, rem\u00e9dio, entre v\u00e1rios outros produtos, ajudando a movimentar ainda mais a economia do pa\u00eds.<\/p>\n<blockquote><p>\u201cEle [o cidad\u00e3o] vai levar um produto a mais para casa, para melhorar a alimenta\u00e7\u00e3o de sua fam\u00edlia e, eventualmente, ir numa praia e fazer um lazer com filho. Estamos falando do limite da vida digna de uma pessoa\u201d, explicou o ministro.<\/p><\/blockquote>\n<p>O\u00a0governo federal enviou, ao Congresso Nacional, uma proposta que amplia para R$ 5 mil a faixa de isen\u00e7\u00e3o total do Imposto de Renda (IR)\u00a0\u2013 um compromisso de campanha do presidente Luiz In\u00e1cio Lula da Silva.<\/p>\n<p>Atualmente,\u00a0est\u00e3o isentos do IR aqueles que t\u00eam renda mensal de at\u00e9 R$ 2.824.\u00a0Segundo a Casa Civil, a proposta apresentada praticamente dobra essa faixa m\u00ednima. Al\u00e9m disso, o texto prev\u00ea desconto parcial para quem ganha entre R$ 5 mil e R$ 7 mil.<\/p>\n<p>O\u00a0projeto de lei prev\u00ea tamb\u00e9m uma tributa\u00e7\u00e3o m\u00ednima para altas rendas, que atingir\u00e1 141,4 mil contribuintes (0,13% do total).\u00a0A compensa\u00e7\u00e3o vir\u00e1 com uma taxa de at\u00e9 10% para pessoas com alta renda (a partir de R$ 600 mil por ano) que atualmente n\u00e3o contribuem com o IR, um grupo de 141 mil pessoas e que n\u00e3o contribuem atualmente.<\/p>\n<p><strong>Tramita\u00e7\u00e3o<\/strong><\/p>\n<p>Na avalia\u00e7\u00e3o de Rui Costa, a\u00a0tramita\u00e7\u00e3o desta mat\u00e9ria no Congresso Nacional dever\u00e1 ser feita a tempo de come\u00e7ar a vigorar j\u00e1 em 1\u00ba de janeiro de 2026, mesmo com alguma dificuldade criada pela oposi\u00e7\u00e3o.<\/p>\n<p>Ele diz ser natural que a oposi\u00e7\u00e3o atue para dificultar a vida do governo.<\/p>\n<blockquote><p>\u201cIsso acontece no mundo todo e, \u00e0s vezes, ganha at\u00e9 irracionalidade, [a ponto de ao] prejudicar o governo prejudicar as pessoas\u201d, disse ele ao reiterar que o prop\u00f3sito da revis\u00e3o da faixa de isen\u00e7\u00e3o visa \u201capenas um pa\u00eds mais justo e menos desigual onde pessoas que ganham menos tenham um m\u00ednimo de dignidade\u201d, explicou.<\/p><\/blockquote>\n<p>Perguntado sobre as queixas de alguns prefeitos, de que a mudan\u00e7a da faixa poderia causar problemas para as contas de alguns munic\u00edpios, o ministro foi enf\u00e1tico:<\/p>\n<p><strong>\u201cEssa l\u00f3gica n\u00e3o faz sentido algum\u201d, inclusive pelo fato de h\u00e1 muito tempo n\u00e3o se corrige a tabela de Imposto de Renda \u2013 algo que sempre \u00e9 cobrado pela sociedade, em especial pela classe m\u00e9dia e imprensa.<\/strong><\/p>\n<blockquote><p>\u201c<em>Se assim fosse, ao longo da hist\u00f3ria do Brasil toda vez que se modificar a tabela de IR, teria de se compensar os munic\u00edpios. Assim como a Uni\u00e3o, o munic\u00edpio e o estado recebem aquilo que \u00e9 tribut\u00e1vel\u201d, argumentou.<\/em><\/p><\/blockquote>\n<h2>Socorro e investimento<\/h2>\n<p>Rui Costa acrescentou que o governo federal tem ajudado de diversas outras formas estados e munic\u00edpios.<\/p>\n<p>Ele citou as ajudas a estados que passaram por situa\u00e7\u00f5es emergenciais.<\/p>\n<blockquote><p>\u201cForam transferidos R$ 109 bilh\u00f5es ao Rio Grande do Sul, por exemplo. Foi o maior investimento da hist\u00f3ria do Brasil,\u00a0 feito por um presidente a um estado\u201d.<\/p><\/blockquote>\n<p>Citou tamb\u00e9m a\u00a0capital do Par\u00e1, que receber\u00e1, em novembro, a COP30.<\/p>\n<blockquote><p>\u201cBel\u00e9m tamb\u00e9m est\u00e1 recebendo o maior investimento federal de sua hist\u00f3ria. Isso se estender\u00e1 para a infraestrutura do estado\u201d, acrescentou ao citar, entre os exemplos, o cabo de conex\u00e3o de internet que passar\u00e1 pelos rios da regi\u00e3o, possibilitando investimento de empresas que s\u00f3 se instalam onde h\u00e1 capacidade de conex\u00e3o.<\/p><\/blockquote>\n<p>Fonte: Ag\u00eancia Brasil<\/p>\n","protected":false},"excerpt":{"rendered":"<p>A\u00a0amplia\u00e7\u00e3o do n\u00famero de contribuintes isentos de pagar imposto de renda resultar\u00e1 em mais consumo e com\u00e9rcio, beneficiando a economia do pa\u00eds como um todo&#8230;.<\/p>\n","protected":false},"author":1527,"featured_media":60960,"comment_status":"closed","ping_status":"closed","sticky":false,"template":"","format":"standard","meta":{"footnotes":""},"categories":[6],"tags":[],"class_list":["post-60956","post","type-post","status-publish","format-standard","has-post-thumbnail","hentry","category-noticias"],"_links":{"self":[{"href":"https:\/\/www.sincomam.org.br\/index.php\/wp-json\/wp\/v2\/posts\/60956","targetHints":{"allow":["GET"]}}],"collection":[{"href":"https:\/\/www.sincomam.org.br\/index.php\/wp-json\/wp\/v2\/posts"}],"about":[{"href":"https:\/\/www.sincomam.org.br\/index.php\/wp-json\/wp\/v2\/types\/post"}],"author":[{"embeddable":true,"href":"https:\/\/www.sincomam.org.br\/index.php\/wp-json\/wp\/v2\/users\/1527"}],"replies":[{"embeddable":true,"href":"https:\/\/www.sincomam.org.br\/index.php\/wp-json\/wp\/v2\/comments?post=60956"}],"version-history":[{"count":2,"href":"https:\/\/www.sincomam.org.br\/index.php\/wp-json\/wp\/v2\/posts\/60956\/revisions"}],"predecessor-version":[{"id":60962,"href":"https:\/\/www.sincomam.org.br\/index.php\/wp-json\/wp\/v2\/posts\/60956\/revisions\/60962"}],"wp:featuredmedia":[{"embeddable":true,"href":"https:\/\/www.sincomam.org.br\/index.php\/wp-json\/wp\/v2\/media\/60960"}],"wp:attachment":[{"href":"https:\/\/www.sincomam.org.br\/index.php\/wp-json\/wp\/v2\/media?parent=60956"}],"wp:term":[{"taxonomy":"category","embeddable":true,"href":"https:\/\/www.sincomam.org.br\/index.php\/wp-json\/wp\/v2\/categories?post=60956"},{"taxonomy":"post_tag","embeddable":true,"href":"https:\/\/www.sincomam.org.br\/index.php\/wp-json\/wp\/v2\/tags?post=60956"}],"curies":[{"name":"wp","href":"https:\/\/api.w.org\/{rel}","templated":true}]}}