{"id":60944,"date":"2025-08-28T11:03:09","date_gmt":"2025-08-28T14:03:09","guid":{"rendered":"https:\/\/www.sincomam.org.br\/?p=60944"},"modified":"2025-08-28T11:03:09","modified_gmt":"2025-08-28T14:03:09","slug":"citrosuco-inicia-uso-de-b24-no-navio-carlos-fischer","status":"publish","type":"post","link":"https:\/\/www.sincomam.org.br\/index.php\/citrosuco-inicia-uso-de-b24-no-navio-carlos-fischer\/","title":{"rendered":"Citrosuco inicia uso de B24 no navio &#8216;Carlos Fischer&#8217;"},"content":{"rendered":"<p>A Citrosuco iniciou, na \u00faltima ter\u00e7a-feira (26), a primeira viagem de um dos seus navios, o\u00a0<em>Carlos Fischer<\/em>, abastecido com o biodiesel B24, que reduz em at\u00e9 20% a emiss\u00e3o de gases do efeito estufa (GEE). A embarca\u00e7\u00e3o partiu do Porto de Santos tendo como destino os Estados Unidos.<\/p>\n<p>Com capacidade para transportar at\u00e9 32 mil toneladas de suco de laranja, 205 metros de comprimento e 32 metros de largura, a embarca\u00e7\u00e3o passou por adapta\u00e7\u00f5es t\u00e9cnicas num estaleiro em Tuzla, na Turquia, de onde voltou com 500 toneladas do biodiesel B24 em seus tanques. A empresa informou que planeja, gradualmente, usar esse tipo de combust\u00edvel em todos os cinco navios de sua frota.<\/p>\n<p>Segundo a Citrosuco, o biodiesel B24 pode reduzir as emiss\u00f5es well to wake, metodologia que avalia o ciclo de vida completo do combust\u00edvel, em at\u00e9 20%. Al\u00e9m disso, informou a empresa, o uso desse tipo de combust\u00edvel est\u00e1 em conformidade com as normas internacionais de navega\u00e7\u00e3o, como IMO 2030 e 2050, CII (<em>Carbon Intensity Indicator<\/em>) e EEXI (<em>Energy Efficiency Existing Ship Index<\/em>).<\/p>\n<p>A gerente geral de opera\u00e7\u00f5es mar\u00edtimas e terminais da Citrosuco,\u00a0Karen Lopes, afirmou que o uso de biocombust\u00edvel nas embarca\u00e7\u00f5es da refor\u00e7a o compromisso com a descarboniza\u00e7\u00e3o do setor mar\u00edtimo alinhado ao\u00a0<em>Science Based Target Initiative<\/em>\u00a0(SBTI). \u201cEstamos conectando metas ambientais internacionais aos objetivos ESG da Citrosuco, que visa reduzir as emiss\u00f5es de carbono em 28% at\u00e9 2030 nos escopos 1 e 2\u201d, disse Karen.<\/p>\n<p>Fonte: Portos e Navios<\/p>\n","protected":false},"excerpt":{"rendered":"<p>A Citrosuco iniciou, na \u00faltima ter\u00e7a-feira (26), a primeira viagem de um dos seus navios, o\u00a0Carlos Fischer, abastecido com o biodiesel B24, que reduz em&#8230;<\/p>\n","protected":false},"author":1527,"featured_media":60945,"comment_status":"closed","ping_status":"closed","sticky":false,"template":"","format":"standard","meta":{"footnotes":""},"categories":[6],"tags":[],"class_list":["post-60944","post","type-post","status-publish","format-standard","has-post-thumbnail","hentry","category-noticias"],"_links":{"self":[{"href":"https:\/\/www.sincomam.org.br\/index.php\/wp-json\/wp\/v2\/posts\/60944","targetHints":{"allow":["GET"]}}],"collection":[{"href":"https:\/\/www.sincomam.org.br\/index.php\/wp-json\/wp\/v2\/posts"}],"about":[{"href":"https:\/\/www.sincomam.org.br\/index.php\/wp-json\/wp\/v2\/types\/post"}],"author":[{"embeddable":true,"href":"https:\/\/www.sincomam.org.br\/index.php\/wp-json\/wp\/v2\/users\/1527"}],"replies":[{"embeddable":true,"href":"https:\/\/www.sincomam.org.br\/index.php\/wp-json\/wp\/v2\/comments?post=60944"}],"version-history":[{"count":1,"href":"https:\/\/www.sincomam.org.br\/index.php\/wp-json\/wp\/v2\/posts\/60944\/revisions"}],"predecessor-version":[{"id":60946,"href":"https:\/\/www.sincomam.org.br\/index.php\/wp-json\/wp\/v2\/posts\/60944\/revisions\/60946"}],"wp:featuredmedia":[{"embeddable":true,"href":"https:\/\/www.sincomam.org.br\/index.php\/wp-json\/wp\/v2\/media\/60945"}],"wp:attachment":[{"href":"https:\/\/www.sincomam.org.br\/index.php\/wp-json\/wp\/v2\/media?parent=60944"}],"wp:term":[{"taxonomy":"category","embeddable":true,"href":"https:\/\/www.sincomam.org.br\/index.php\/wp-json\/wp\/v2\/categories?post=60944"},{"taxonomy":"post_tag","embeddable":true,"href":"https:\/\/www.sincomam.org.br\/index.php\/wp-json\/wp\/v2\/tags?post=60944"}],"curies":[{"name":"wp","href":"https:\/\/api.w.org\/{rel}","templated":true}]}}