{"id":60925,"date":"2025-08-27T12:03:48","date_gmt":"2025-08-27T15:03:48","guid":{"rendered":"https:\/\/www.sincomam.org.br\/?p=60925"},"modified":"2025-08-27T12:04:02","modified_gmt":"2025-08-27T15:04:02","slug":"mpf-pede-condenacao-da-petrobras-ocyan-e-foresea-por-danos-ambientais-causados-por-despejo-de-poluentes-no-mar","status":"publish","type":"post","link":"https:\/\/www.sincomam.org.br\/index.php\/mpf-pede-condenacao-da-petrobras-ocyan-e-foresea-por-danos-ambientais-causados-por-despejo-de-poluentes-no-mar\/","title":{"rendered":"MPF pede condena\u00e7\u00e3o da Petrobras, Ocyan e Foresea por danos ambientais causados por despejo de poluentes no mar"},"content":{"rendered":"<div id=\"chunk-783jg\">\n<div class=\"mc-column content-text active-extra-styles \" data-block-type=\"unstyled\" data-block-weight=\"40\" data-block-id=\"3\">O Minist\u00e9rio P\u00fablico Federal (MPF) ajuizou uma a\u00e7\u00e3o civil p\u00fablica pedindo a condena\u00e7\u00e3o das empresas Petrobras, Ocyan S.A. e Foresea S.A. por danos ambientais nas Bacias de Campos e Santos. A informa\u00e7\u00e3o foi divulgada pela institui\u00e7\u00e3o nesta ter\u00e7a-feira (26).<\/div>\n<\/div>\n<div class=\"wall protected-content\">\n<div id=\"chunk-edqb1\">\n<div class=\"mc-column content-text active-extra-styles \" data-block-type=\"unstyled\" data-block-weight=\"17\" data-block-id=\"6\">\n<div class=\"mc-article-body\">\n<article>\n<div class=\"wall protected-content\">\n<div id=\"chunk-fov2j\">\n<div class=\"mc-column content-text active-extra-styles \" data-block-type=\"unstyled\" data-block-weight=\"44\" data-block-id=\"5\">\n<p class=\" content-text__container \" data-track-category=\"Link no Texto\" data-track-links=\"\" data-mrf-recirculation=\"Mat\u00e9ria - Links no Texto\">Al\u00e9m da condena\u00e7\u00e3o, o MPF pede uma indeniza\u00e7\u00e3o m\u00ednima de R$ 308 mil, valor correspondente \u00e0s multas aplicadas \u00e0s empresas pelo Instituto Brasileiro do Meio Ambiente e dos Recursos Naturais Renov\u00e1veis (Ibama), com destina\u00e7\u00e3o obrigat\u00f3ria a projetos de compensa\u00e7\u00e3o ecol\u00f3gica relacionados ao ambiente costeiro.<\/p>\n<\/div>\n<\/div>\n<div id=\"chunk-edqb1\">\n<div class=\"mc-column content-text active-extra-styles \" data-block-type=\"unstyled\" data-block-weight=\"17\" data-block-id=\"6\">\n<p class=\" content-text__container \" data-track-category=\"Link no Texto\" data-track-links=\"\" data-mrf-recirculation=\"Mat\u00e9ria - Links no Texto\">Segundo o MPF, os danos ambientais foram causados pela descarga irregular de subst\u00e2ncias poluentes no mar.<\/p>\n<\/div>\n<\/div>\n<div id=\"chunk-tbll\">\n<div class=\"content-ads content-ads--reveal\" data-block-type=\"ads\" data-block-id=\"7\">\n<div id=\"banner_materia2\" class=\"tag-manager-publicidade-container tag-manager-publicidade-banner_materia2 tag-manager-publicidade-container--carregado tag-manager-publicidade-container--visivel\" data-google-query-id=\"CO_Fjoihq48DFY1U3QIdPRI0aw\">\n<div id=\"google_ads_iframe_\/95377733\/tvg_G1\/Sua_Regiao&gt;Sudeste&gt;Rio_de_Janeiro_3__container__\">A a\u00e7\u00e3o foi proposta pelo procurador da Rep\u00fablica Leandro Mitidieri Figueiredo, com base em tr\u00eas autos de infra\u00e7\u00e3o lavrados pelo Ibama. As ocorr\u00eancias foram registradas entre 2017 e 2023, em instala\u00e7\u00f5es e embarca\u00e7\u00f5es ligadas \u00e0s petroleiras, atingindo \u00e1reas da Bacia de Campos e da Bacia de Santos, pr\u00f3ximas aos munic\u00edpios de Saquarema, Cabo Frio, Arma\u00e7\u00e3o dos B\u00fazios e Arraial do Cabo.<\/div>\n<\/div>\n<\/div>\n<\/div>\n<div id=\"chunk-cuick\">\n<div class=\"mc-column content-text active-extra-styles \" data-block-type=\"unstyled\" data-block-weight=\"83\" data-block-id=\"9\">\n<p class=\" content-text__container \" data-track-category=\"Link no Texto\" data-track-links=\"\" data-mrf-recirculation=\"Mat\u00e9ria - Links no Texto\">Segundo o MPF, em 2017, a Petrobras foi autuada pelo descarte de 0,036 m\u00b3 de mistura oleosa durante opera\u00e7\u00e3o da unidade NS-41-ODN I. J\u00e1 em 2022, foi registrada a descarga de 0,07 m\u00b3 de \u00f3leo lubrificante pela embarca\u00e7\u00e3o CBO Manoella. Em 2023, houve o despejo de 3,418 m\u00b3 de fluido qu\u00edmico inibidor de corros\u00e3o na instala\u00e7\u00e3o NS-32 (Norbe VIII). Em todos os casos, os laudos t\u00e9cnicos conclu\u00edram pela exist\u00eancia de dano ambiental tempor\u00e1rio e revers\u00edvel, mas com impacto negativo sobre a biota marinha.<\/p>\n<\/div>\n<\/div>\n<div id=\"chunk-7vgq6\">\n<div class=\"mc-column content-text active-extra-styles \" data-block-type=\"unstyled\" data-block-weight=\"32\" data-block-id=\"10\">\n<p class=\" content-text__container \" data-track-category=\"Link no Texto\" data-track-links=\"\" data-mrf-recirculation=\"Mat\u00e9ria - Links no Texto\">Ainda de acordo com o MPF, &#8220;a Petrobras atribuiu os epis\u00f3dios a suas contratadas, enquanto Ocyan e Foresea alegaram que n\u00e3o havia preju\u00edzos ambientais significativos ou que os descartes estavam autorizados.&#8221;<\/p>\n<\/div>\n<\/div>\n<div id=\"chunk-4t23i\">\n<div class=\"mc-column content-text active-extra-styles\" data-block-type=\"raw\" data-block-weight=\"5\" data-block-id=\"11\">\n<div class=\"content-intertitle\">\n<h2>O que dizem os citados<\/h2>\n<\/div>\n<p>Questionada, a Ocyan enviou o seguinte posicionamento:<\/p>\n<\/div>\n<\/div>\n<div id=\"chunk-6vsme\">\n<div class=\"mc-column content-text active-extra-styles \" data-block-type=\"unstyled\" data-block-weight=\"39\" data-block-id=\"13\">\n<p class=\" content-text__container \" data-track-category=\"Link no Texto\" data-track-links=\"\" data-mrf-recirculation=\"Mat\u00e9ria - Links no Texto\"><em>\u201cA Ocyan passou por uma cis\u00e3o em 2023, quando foi criada uma nova empresa dedicada ao neg\u00f3cio de perfura\u00e7\u00e3o. Os ativos citados n\u00e3o pertencem mais a Ocyan e qualquer passivo relacionado a eles s\u00e3o de responsabilidade desta nova empresa.\u201d<\/em><\/p>\n<\/div>\n<p data-track-category=\"Link no Texto\" data-track-links=\"\" data-mrf-recirculation=\"Mat\u00e9ria - Links no Texto\">Fonte: G1<\/p>\n<\/div>\n<\/div>\n<\/article>\n<\/div>\n<p>&nbsp;<\/p>\n<\/div>\n<\/div>\n<\/div>\n","protected":false},"excerpt":{"rendered":"<p>O Minist\u00e9rio P\u00fablico Federal (MPF) ajuizou uma a\u00e7\u00e3o civil p\u00fablica pedindo a condena\u00e7\u00e3o das empresas Petrobras, Ocyan S.A. e Foresea S.A. por danos ambientais nas&#8230;<\/p>\n","protected":false},"author":1527,"featured_media":60926,"comment_status":"closed","ping_status":"closed","sticky":false,"template":"","format":"standard","meta":{"footnotes":""},"categories":[6],"tags":[],"class_list":["post-60925","post","type-post","status-publish","format-standard","has-post-thumbnail","hentry","category-noticias"],"_links":{"self":[{"href":"https:\/\/www.sincomam.org.br\/index.php\/wp-json\/wp\/v2\/posts\/60925","targetHints":{"allow":["GET"]}}],"collection":[{"href":"https:\/\/www.sincomam.org.br\/index.php\/wp-json\/wp\/v2\/posts"}],"about":[{"href":"https:\/\/www.sincomam.org.br\/index.php\/wp-json\/wp\/v2\/types\/post"}],"author":[{"embeddable":true,"href":"https:\/\/www.sincomam.org.br\/index.php\/wp-json\/wp\/v2\/users\/1527"}],"replies":[{"embeddable":true,"href":"https:\/\/www.sincomam.org.br\/index.php\/wp-json\/wp\/v2\/comments?post=60925"}],"version-history":[{"count":2,"href":"https:\/\/www.sincomam.org.br\/index.php\/wp-json\/wp\/v2\/posts\/60925\/revisions"}],"predecessor-version":[{"id":60928,"href":"https:\/\/www.sincomam.org.br\/index.php\/wp-json\/wp\/v2\/posts\/60925\/revisions\/60928"}],"wp:featuredmedia":[{"embeddable":true,"href":"https:\/\/www.sincomam.org.br\/index.php\/wp-json\/wp\/v2\/media\/60926"}],"wp:attachment":[{"href":"https:\/\/www.sincomam.org.br\/index.php\/wp-json\/wp\/v2\/media?parent=60925"}],"wp:term":[{"taxonomy":"category","embeddable":true,"href":"https:\/\/www.sincomam.org.br\/index.php\/wp-json\/wp\/v2\/categories?post=60925"},{"taxonomy":"post_tag","embeddable":true,"href":"https:\/\/www.sincomam.org.br\/index.php\/wp-json\/wp\/v2\/tags?post=60925"}],"curies":[{"name":"wp","href":"https:\/\/api.w.org\/{rel}","templated":true}]}}