{"id":6092,"date":"2014-06-13T08:56:24","date_gmt":"2014-06-13T11:56:24","guid":{"rendered":"http:\/\/www.sincomam.org.br\/?p=6092"},"modified":"2014-06-12T23:38:05","modified_gmt":"2014-06-13T02:38:05","slug":"dilma-e-xingada-por-torcedores-no-itaquerao","status":"publish","type":"post","link":"https:\/\/www.sincomam.org.br\/index.php\/dilma-e-xingada-por-torcedores-no-itaquerao\/","title":{"rendered":"Dilma \u00e9 xingada por torcedores no Itaquer\u00e3o"},"content":{"rendered":"<p><strong><em>Presidente n\u00e3o fez discurso na abertura da Copa do Mundo<\/em><\/strong><\/p>\n<p>Apesar de todo o cuidado dos assessores do Pal\u00e1cio do Planalto, a presidente Dilma Rousseff voltou a ser hostilizada nesta quinta-feira pelo menos tr\u00eas vezes, depois da cerim\u00f4nia de abertura da Copa do Mundo e durante a partida no Itaquer\u00e3o. Com o encerramento do show, dividido em quatro atos, um locutor fez um agradecimento aos oper\u00e1rios que trabalharam nas obras dos est\u00e1dios da Copa e pediu palmas dos torcedores tamb\u00e9m aos familiares &#8220;daqueles que n\u00e3o est\u00e3o mais aqui&#8221;. O est\u00e1dio todo aplaudiu, mas em seguida come\u00e7ou um coro ofensivo \u00e0 presidente.<\/p>\n<p>&#8220;Eh, Dilma, vai tomar no c&#8230;&#8221;, gritou parte dos torcedores, ao que se seguiram vaias.<\/p>\n<p>A manifesta\u00e7\u00e3o foi r\u00e1pida, mas suficiente para causar mal estar em meio \u00e0 festa. As hostilidades contra a presidente voltaram depois da execu\u00e7\u00e3o do hino nacional, j\u00e1 com as sele\u00e7\u00f5es de Brasil e Cro\u00e1cia em campo.<\/p>\n<p>Novamente, um grupo da arquibancada Norte puxou o coro &#8220;Eh Dilma, vai tomar no &#8230;&#8221;. Mas desta vez os xingamentos e vaias foram rapidamente interrompidos por aplausos, gritos e assovios.<\/p>\n<p>J\u00e1 no segundo tempo, a presidente foi hostilizada pela terceira vez. Logo depois de Neymar assinalar o segundo gol do Brasil, o tel\u00e3o exibiu a imagem de comemora\u00e7\u00e3o de Dilma, o que levou os torcedores a repetirem o coro.<\/p>\n<p>Embora j\u00e1 estivesse presente no est\u00e1dio (dividia a tribuna de honra com o presidente da Fifa, Joseph Blatter, e outras autoridades), a presidente n\u00e3o teve seu nome anunciado em nenhum momento. E tamb\u00e9m n\u00e3o fez o tradicional pronunciamento de abertura, quebrando pela primeira vez em 30 anos um protocolo entre os chefes de Estado do pa\u00eds-sede.<\/p>\n<p>As declara\u00e7\u00f5es do chefe de estado e do presidente da entidade na abertura da Copa foram substitu\u00eddas pela entrada em campo de tr\u00eas crian\u00e7as carregando pombas que foram soltas simbolizando o desejo de paz durante o megaevento.<\/p>\n<p>Um forte esquema de seguran\u00e7a protegeu a presidente na sua chegada. Depois de oferecer almo\u00e7o a nove chefes de Estado que est\u00e3o em S\u00e3o Paulo para a Copa, ela seguiu para o est\u00e1dio. Um helic\u00f3ptero acompanhou o trajeto da presidente at\u00e9 o est\u00e1dio. L\u00e1 dentro, usou um elevador privativo que a deixou na \u00e1rea destinada \u00e0s autoridades.<\/p>\n<p>Durante o Congresso da Fifa, esta semana em S\u00e3o Paulo, o ministro do Esporte, Aldo Rebelo, afirmara que Dilma n\u00e3o ir\u00e1 a outros jogos, al\u00e9m da abertura e da final:<\/p>\n<p>&#8211; Ela vai na abertura e na final. Mas n\u00e3o faria sentido ir no jogo entre Alemanha e Portugal, por causa da Angela Merkel, e n\u00e3o ir no jogo do Chile (que deve ter Michelle Bachelet). Assim, n\u00e3o vai em nenhum outro &#8211; explicou o ministro que, no entanto, n\u00e3o sabe se a presidente entregar\u00e1 a ta\u00e7a ao campe\u00e3o, no Maracan\u00e3.<\/p>\n<p>Na Copa das Confedera\u00e7\u00e3o, h\u00e1 um ano, a presidente tamb\u00e9m foi vaiada pelo p\u00fablico presente no est\u00e1dio Man\u00e9 Garrincha, em Bras\u00edlia. Na oportunidade, Blatter ficou constrangido e chegou a explicitar esse inc\u00f4modo, dizendo &#8220;onde est\u00e1 o respeito, onde est\u00e1 o fair play&#8221; e foi vaiado tamb\u00e9m.<\/p>\n<p>Fonte: O Globo<\/p>\n","protected":false},"excerpt":{"rendered":"<p>Presidente n\u00e3o fez discurso na abertura da Copa do Mundo Apesar de todo o cuidado dos assessores do Pal\u00e1cio do Planalto, a presidente Dilma Rousseff&#8230;<\/p>\n","protected":false},"author":1182,"featured_media":6093,"comment_status":"closed","ping_status":"closed","sticky":false,"template":"","format":"standard","meta":{"footnotes":""},"categories":[6],"tags":[],"class_list":["post-6092","post","type-post","status-publish","format-standard","has-post-thumbnail","hentry","category-noticias"],"_links":{"self":[{"href":"https:\/\/www.sincomam.org.br\/index.php\/wp-json\/wp\/v2\/posts\/6092","targetHints":{"allow":["GET"]}}],"collection":[{"href":"https:\/\/www.sincomam.org.br\/index.php\/wp-json\/wp\/v2\/posts"}],"about":[{"href":"https:\/\/www.sincomam.org.br\/index.php\/wp-json\/wp\/v2\/types\/post"}],"author":[{"embeddable":true,"href":"https:\/\/www.sincomam.org.br\/index.php\/wp-json\/wp\/v2\/users\/1182"}],"replies":[{"embeddable":true,"href":"https:\/\/www.sincomam.org.br\/index.php\/wp-json\/wp\/v2\/comments?post=6092"}],"version-history":[{"count":1,"href":"https:\/\/www.sincomam.org.br\/index.php\/wp-json\/wp\/v2\/posts\/6092\/revisions"}],"predecessor-version":[{"id":6094,"href":"https:\/\/www.sincomam.org.br\/index.php\/wp-json\/wp\/v2\/posts\/6092\/revisions\/6094"}],"wp:featuredmedia":[{"embeddable":true,"href":"https:\/\/www.sincomam.org.br\/index.php\/wp-json\/wp\/v2\/media\/6093"}],"wp:attachment":[{"href":"https:\/\/www.sincomam.org.br\/index.php\/wp-json\/wp\/v2\/media?parent=6092"}],"wp:term":[{"taxonomy":"category","embeddable":true,"href":"https:\/\/www.sincomam.org.br\/index.php\/wp-json\/wp\/v2\/categories?post=6092"},{"taxonomy":"post_tag","embeddable":true,"href":"https:\/\/www.sincomam.org.br\/index.php\/wp-json\/wp\/v2\/tags?post=6092"}],"curies":[{"name":"wp","href":"https:\/\/api.w.org\/{rel}","templated":true}]}}