{"id":60912,"date":"2025-08-26T11:45:41","date_gmt":"2025-08-26T14:45:41","guid":{"rendered":"https:\/\/www.sincomam.org.br\/?p=60912"},"modified":"2025-08-26T11:45:41","modified_gmt":"2025-08-26T14:45:41","slug":"ana-declara-situacao-critica-de-rios-da-amazonia-por-escassez-dagua","status":"publish","type":"post","link":"https:\/\/www.sincomam.org.br\/index.php\/ana-declara-situacao-critica-de-rios-da-amazonia-por-escassez-dagua\/","title":{"rendered":"ANA declara situa\u00e7\u00e3o cr\u00edtica de rios da Amaz\u00f4nia por escassez d\u2019\u00e1gua"},"content":{"rendered":"<p>A Ag\u00eancia Nacional de \u00c1guas e Saneamento B\u00e1sico (ANA) declarou situa\u00e7\u00e3o cr\u00edtica de escassez de \u00e1guas dos rios Juru\u00e1, Purus e seus afluentes &#8211; Acre e Iaco -, que ficam na regi\u00e3o da Amaz\u00f4nia.\u00a0Todos eles t\u00eam nascentes no Peru e os respectivos cursos d\u2019\u00e1gua cortam os estados brasileiros do Acre e do Amazonas. A bacia dos rios tem registrado chuvas abaixo da m\u00e9dia desde 2023.\u00a0<img decoding=\"async\" src=\"https:\/\/agenciabrasil.ebc.com.br\/ebc.png?id=1655724&amp;o=node\" \/><img decoding=\"async\" src=\"https:\/\/agenciabrasil.ebc.com.br\/ebc.gif?id=1655724&amp;o=node\" \/><\/p>\n<p>A declara\u00e7\u00e3o foi aprovada pela diretoria da ag\u00eancia na \u00faltima quinta-feira (21) e publicada hoje no\u00a0<a href=\"https:\/\/www.in.gov.br\/web\/dou\/-\/resolucao-ana-n-264-de-22-de-agosto-de-2025-650531968\" target=\"_blank\" rel=\"noopener\">Di\u00e1rio Oficial da Uni\u00e3o<\/a>.<\/p>\n<p>A resolu\u00e7\u00e3o, que est\u00e1 valendo a partir de hoje e segue em vigor at\u00e9 31 de outubro, tem o objetivo de identificar os impactos do baixo n\u00edvel dos rios sobre os usos da \u00e1gua e propor medidas de mitiga\u00e7\u00e3o. Ela permite, ainda, que entidades reguladoras\u00a0e empresas de saneamento adotem tarifas especiais para cobrir custos adicionais causados pela falta de \u00e1gua, al\u00e9m de sinalizar aos usu\u00e1rios do sistema a necessidade de gerenciar melhor o uso da \u00e1gua durante o per\u00edodo de escassez. Outro ponto importante \u00e9\u00a0agilizar o reconhecimento pelo governo federal de estados e munic\u00edpios em situa\u00e7\u00e3o de calamidade por seca, facilitando o recebimento de aux\u00edlio da Uni\u00e3o.<\/p>\n<p>O Instituto Nacional de Pesquisas Espaciais (Inpe) indica que as regi\u00f5es das bacias dos rios Juru\u00e1, Purus e Acre v\u00eam registrando chuvas abaixo da m\u00e9dia desde 2023. As previs\u00f5es clim\u00e1ticas do Inpe e do Centro Gestor e Operacional do Sistema de Prote\u00e7\u00e3o da Amaz\u00f4nia (Censipam) indicam que os volumes de precipita\u00e7\u00f5es at\u00e9 outubro devem ficar abaixo da m\u00e9dia.<\/p>\n<p><strong>Confira reportagem do Rep\u00f3rter Brasil Tarde, da TV Brasil, sobre a situa\u00e7\u00e3o dos rios<\/strong><\/p>\n<h2>Vazante<\/h2>\n<p>As bacias dos rios Purus e Juru\u00e1 est\u00e3o no per\u00edodo de vazante, em que o n\u00edvel das \u00e1guas come\u00e7a a descer, logo ap\u00f3s a cheia, fen\u00f4meno t\u00edpico que ocorre entre junho e novembro. N\u00e3o se trata, portanto, de um per\u00edodo de seca. Mas, ainda assim, os n\u00edveis est\u00e3o muito abaixo da m\u00e9dia esperada para esse per\u00edodo do ano.<\/p>\n<p>O per\u00edodo de abrang\u00eancia da declara\u00e7\u00e3o de situa\u00e7\u00e3o cr\u00edtica da ANA poder\u00e1 ser prorrogado, mediante an\u00e1lise t\u00e9cnica, caso persistam as condi\u00e7\u00f5es de escassez h\u00eddrica na bacia. Igualmente, a resolu\u00e7\u00e3o poder\u00e1 ser suspensa antes do prazo, caso os n\u00edveis dos rios Juru\u00e1, Purus e seus afluentes se elevem com a ocorr\u00eancia de chuvas.<\/p>\n<p>Fonte: Ag\u00eancia Brasil<\/p>\n<p>&nbsp;<\/p>\n","protected":false},"excerpt":{"rendered":"<p>A Ag\u00eancia Nacional de \u00c1guas e Saneamento B\u00e1sico (ANA) declarou situa\u00e7\u00e3o cr\u00edtica de escassez de \u00e1guas dos rios Juru\u00e1, Purus e seus afluentes &#8211; Acre&#8230;<\/p>\n","protected":false},"author":1527,"featured_media":60913,"comment_status":"closed","ping_status":"closed","sticky":false,"template":"","format":"standard","meta":{"footnotes":""},"categories":[6],"tags":[],"class_list":["post-60912","post","type-post","status-publish","format-standard","has-post-thumbnail","hentry","category-noticias"],"_links":{"self":[{"href":"https:\/\/www.sincomam.org.br\/index.php\/wp-json\/wp\/v2\/posts\/60912","targetHints":{"allow":["GET"]}}],"collection":[{"href":"https:\/\/www.sincomam.org.br\/index.php\/wp-json\/wp\/v2\/posts"}],"about":[{"href":"https:\/\/www.sincomam.org.br\/index.php\/wp-json\/wp\/v2\/types\/post"}],"author":[{"embeddable":true,"href":"https:\/\/www.sincomam.org.br\/index.php\/wp-json\/wp\/v2\/users\/1527"}],"replies":[{"embeddable":true,"href":"https:\/\/www.sincomam.org.br\/index.php\/wp-json\/wp\/v2\/comments?post=60912"}],"version-history":[{"count":1,"href":"https:\/\/www.sincomam.org.br\/index.php\/wp-json\/wp\/v2\/posts\/60912\/revisions"}],"predecessor-version":[{"id":60914,"href":"https:\/\/www.sincomam.org.br\/index.php\/wp-json\/wp\/v2\/posts\/60912\/revisions\/60914"}],"wp:featuredmedia":[{"embeddable":true,"href":"https:\/\/www.sincomam.org.br\/index.php\/wp-json\/wp\/v2\/media\/60913"}],"wp:attachment":[{"href":"https:\/\/www.sincomam.org.br\/index.php\/wp-json\/wp\/v2\/media?parent=60912"}],"wp:term":[{"taxonomy":"category","embeddable":true,"href":"https:\/\/www.sincomam.org.br\/index.php\/wp-json\/wp\/v2\/categories?post=60912"},{"taxonomy":"post_tag","embeddable":true,"href":"https:\/\/www.sincomam.org.br\/index.php\/wp-json\/wp\/v2\/tags?post=60912"}],"curies":[{"name":"wp","href":"https:\/\/api.w.org\/{rel}","templated":true}]}}