{"id":60906,"date":"2025-08-26T11:33:14","date_gmt":"2025-08-26T14:33:14","guid":{"rendered":"https:\/\/www.sincomam.org.br\/?p=60906"},"modified":"2025-08-26T11:33:14","modified_gmt":"2025-08-26T14:33:14","slug":"concurso-de-fotografia-incentiva-reflexao-sobre-o-oceano","status":"publish","type":"post","link":"https:\/\/www.sincomam.org.br\/index.php\/concurso-de-fotografia-incentiva-reflexao-sobre-o-oceano\/","title":{"rendered":"Concurso de fotografia incentiva reflex\u00e3o sobre o oceano"},"content":{"rendered":"<p class=\"text-align-justify\">A Marinha do Brasil (MB) participa da realiza\u00e7\u00e3o do concurso de fotografia \u201cOlhares da Vida para o Oceano\u201d, reconhecido como atividade oficial da Unesco. A iniciativa \u00e9 promovida pela Pr\u00f3-Reitoria de Extens\u00e3o e Cultura (PR3) da Universidade do Estado do Rio de Janeiro (UERJ), em parceria com o Museu Naval e a Faculdade de Oceanografia (FAOC). A a\u00e7\u00e3o integra o Projeto de Extens\u00e3o PRODIV, desenvolvido pela FAOC, que tem como objetivo a divulga\u00e7\u00e3o da Oceanografia por meio de oficinas, palestras e outras atividades voltadas \u00e0 comunidade universit\u00e1ria e \u00e0 sociedade em geral.<\/p>\n<p class=\"text-align-justify\">A Capit\u00e3o de Corveta (Quadro T\u00e9cnico) Renata da Rocha Pereira, encarregada da Divis\u00e3o de Educa\u00e7\u00e3o em Museus da Diretoria do Patrim\u00f4nio Hist\u00f3rico e Documenta\u00e7\u00e3o da Marinha (DPHDM), destacou o car\u00e1ter educativo da a\u00e7\u00e3o: \u201cApoiar a realiza\u00e7\u00e3o do concurso destaca nosso compromisso com a\u00e7\u00f5es educativas que valorizem a import\u00e2ncia do oceano que desejamos. Devido \u00e0 relev\u00e2ncia do concurso, foi chancelado pela Unesco como concurso oficial da D\u00e9cada do Oceano, e n\u00f3s, conscientes disso, atuamos como parceiros nesse trabalho.\u201d<\/p>\n<p class=\"text-align-justify\">A proposta do concurso \u00e9 incentivar a reflex\u00e3o sobre a import\u00e2ncia do mar e seus m\u00faltiplos significados \u2014 sociais, culturais, est\u00e9ticos, simb\u00f3licos, econ\u00f4micos, art\u00edsticos e religiosos \u2014 sob a perspectiva dos participantes.<\/p>\n<p class=\"text-align-justify\">O concurso \u00e9 aberto a brasileiros e estrangeiros residentes no Pa\u00eds, com idade a partir de 12 anos, e est\u00e1 dividido em duas faixas et\u00e1rias: de 12 a 17 anos e maiores de 17 anos. As fotografias devem retratar obrigatoriamente o ambiente oce\u00e2nico ou costeiro do territ\u00f3rio nacional. As inscri\u00e7\u00f5es s\u00e3o gratuitas e devem ser realizadas at\u00e9 30 de setembro, exclusivamente pelo e-mail: <a href=\"mailto:concursofotografiaprodiv.uerj@gmail.com\">concursofotografiaprodiv.uerj@gmail.com<\/a>.<\/p>\n<p class=\"text-align-justify\">As fotografias inscritas devem dialogar com os 10 Desafios da D\u00e9cada das Na\u00e7\u00f5es Unidas da Ci\u00eancia Oce\u00e2nica para o Desenvolvimento Sustent\u00e1vel (2021\u20132030), que representam os conhecimentos cient\u00edficos necess\u00e1rios para alcan\u00e7ar o oceano que desejamos no futuro. Entre os desafios est\u00e3o: compreender e combater a polui\u00e7\u00e3o marinha; proteger e restaurar ecossistemas e a biodiversidade; alimentar, de forma sustent\u00e1vel, a popula\u00e7\u00e3o mundial; desenvolver uma economia dos oceanos resiliente e equitativa; propor solu\u00e7\u00f5es baseadas no oceano para enfrentar as altera\u00e7\u00f5es clim\u00e1ticas; aumentar a resili\u00eancia das comunidades aos riscos oce\u00e2nicos e costeiros; expandir, de forma sustent\u00e1vel, o Sistema Mundial de Observa\u00e7\u00e3o dos Oceanos; criar uma representa\u00e7\u00e3o digital do oceano; promover compet\u00eancias, conhecimentos, tecnologia e participa\u00e7\u00e3o para todos; e restaurar a rela\u00e7\u00e3o da humanidade com o mar.<\/p>\n<p class=\"text-align-justify\">Cada participante pode optar por inscrever fotografias em apenas um dos desafios ou enviar at\u00e9 dez imagens para cada um deles. A lista completa dos temas est\u00e1 dispon\u00edvel no <a href=\"https:\/\/drive.google.com\/file\/d\/14ewxHsh5wycPUcYXkGJEmggrGqwUF_bg\/view?fbclid=PAQ0xDSwMZVodleHRuA2FlbQIxMQABp8h2NqejSwVs-EpkhByFcG5fV5DzCIbO0w7xa7E8fSEvsF-1sNxCKAb_F8Jl_aem_IRZb6QzMYJaUJV8qtI9CIQ\" target=\"_blank\" rel=\"noopener\">edital do concurso<\/a> e tamb\u00e9m est\u00e1 sendo divulgada nas redes sociais das institui\u00e7\u00f5es parceiras, incluindo o perfil <a href=\"https:\/\/www.instagram.com\/culturaabordo?igsh=MXg1cWE3OWUxcjBtMg==\" target=\"_blank\" rel=\"noopener\">@culturaabordo<\/a> no Instagram.<\/p>\n<p class=\"text-align-justify\">As melhores fotografias ser\u00e3o expostas durante a 22\u00aa Semana Nacional de Ci\u00eancia e Tecnologia na UERJ, prevista para ocorrer entre 20 e 26 de outubro. As imagens selecionadas tamb\u00e9m integrar\u00e3o um livro digital sobre a D\u00e9cada do Oceano, que ser\u00e1 distribu\u00eddo gratuitamente em escolas, contribuindo para a amplia\u00e7\u00e3o da Cultura Oce\u00e2nica no Pa\u00eds. Todos os participantes receber\u00e3o certificado de participa\u00e7\u00e3o.<\/p>\n<p class=\"text-align-justify\">A avalia\u00e7\u00e3o das fotografias ocorrer\u00e1 nos meses de agosto e setembro. Os resultados ser\u00e3o divulgados entre 1\u00ba e 15 de outubro, e a cerim\u00f4nia de premia\u00e7\u00e3o est\u00e1 prevista para o dia 20 do mesmo m\u00eas, reconhecendo os talentos participantes e suas contribui\u00e7\u00f5es para a valoriza\u00e7\u00e3o do oceano.<\/p>\n<h5 class=\"text-align-justify\">Oficina de fotografia amplia o di\u00e1logo com a comunidade acad\u00eamica<\/h5>\n<p class=\"text-align-justify\">Outro resultado da parceria foi a realiza\u00e7\u00e3o da Oficina de Fotografia com Celular, no dia 12 de agosto, voltada \u00e0 comunidade universit\u00e1ria de diferentes cursos em institui\u00e7\u00f5es de Ensino Superior.<\/p>\n<p class=\"text-align-justify\">A atividade contou com a participa\u00e7\u00e3o da Segundo-Sargento Raquel dos Santos Ramos, da DPHDM, que compartilhou sua experi\u00eancia na \u00e1rea:<\/p>\n<figure class=\"bg-light p-3 p-md-5 my-3 rounded\">\n<blockquote class=\"blockquote\"><p>\u201cFoi muito gratificante estar na UERJ com a oficina de fotografia com o celular. Poder trocar conhecimentos, incentivar jovens a desenvolverem novas formas de olhar e registrar a hist\u00f3ria \u00e9 parte importante das atividades da DPHDM. Isso s\u00f3 amplia o di\u00e1logo da Diretoria com a sociedade e refor\u00e7a ainda mais o compromisso da Marinha com a difus\u00e3o do conhecimento\u201d, afirmou.<\/p><\/blockquote>\n<\/figure>\n<p>Fonte: Ag\u00eancia Marinha de Not\u00edcias<\/p>\n","protected":false},"excerpt":{"rendered":"<p>A Marinha do Brasil (MB) participa da realiza\u00e7\u00e3o do concurso de fotografia \u201cOlhares da Vida para o Oceano\u201d, reconhecido como atividade oficial da Unesco. A&#8230;<\/p>\n","protected":false},"author":1527,"featured_media":60907,"comment_status":"closed","ping_status":"closed","sticky":false,"template":"","format":"standard","meta":{"footnotes":""},"categories":[6],"tags":[],"class_list":["post-60906","post","type-post","status-publish","format-standard","has-post-thumbnail","hentry","category-noticias"],"_links":{"self":[{"href":"https:\/\/www.sincomam.org.br\/index.php\/wp-json\/wp\/v2\/posts\/60906","targetHints":{"allow":["GET"]}}],"collection":[{"href":"https:\/\/www.sincomam.org.br\/index.php\/wp-json\/wp\/v2\/posts"}],"about":[{"href":"https:\/\/www.sincomam.org.br\/index.php\/wp-json\/wp\/v2\/types\/post"}],"author":[{"embeddable":true,"href":"https:\/\/www.sincomam.org.br\/index.php\/wp-json\/wp\/v2\/users\/1527"}],"replies":[{"embeddable":true,"href":"https:\/\/www.sincomam.org.br\/index.php\/wp-json\/wp\/v2\/comments?post=60906"}],"version-history":[{"count":1,"href":"https:\/\/www.sincomam.org.br\/index.php\/wp-json\/wp\/v2\/posts\/60906\/revisions"}],"predecessor-version":[{"id":60908,"href":"https:\/\/www.sincomam.org.br\/index.php\/wp-json\/wp\/v2\/posts\/60906\/revisions\/60908"}],"wp:featuredmedia":[{"embeddable":true,"href":"https:\/\/www.sincomam.org.br\/index.php\/wp-json\/wp\/v2\/media\/60907"}],"wp:attachment":[{"href":"https:\/\/www.sincomam.org.br\/index.php\/wp-json\/wp\/v2\/media?parent=60906"}],"wp:term":[{"taxonomy":"category","embeddable":true,"href":"https:\/\/www.sincomam.org.br\/index.php\/wp-json\/wp\/v2\/categories?post=60906"},{"taxonomy":"post_tag","embeddable":true,"href":"https:\/\/www.sincomam.org.br\/index.php\/wp-json\/wp\/v2\/tags?post=60906"}],"curies":[{"name":"wp","href":"https:\/\/api.w.org\/{rel}","templated":true}]}}