{"id":6090,"date":"2014-06-13T08:50:53","date_gmt":"2014-06-13T11:50:53","guid":{"rendered":"http:\/\/www.sincomam.org.br\/?p=6090"},"modified":"2014-06-12T23:27:09","modified_gmt":"2014-06-13T02:27:09","slug":"apos-atrasos-polemicas-e-protestos-mundial-comeca-no-brasil","status":"publish","type":"post","link":"https:\/\/www.sincomam.org.br\/index.php\/apos-atrasos-polemicas-e-protestos-mundial-comeca-no-brasil\/","title":{"rendered":"Ap\u00f3s atrasos, pol\u00eamicas e protestos, Mundial come\u00e7a no Brasil"},"content":{"rendered":"<p>A 20\u00aa Copa do Mundo da Fifa come\u00e7ou nesta quinta-feira, 12 de junho, \u00e0s 17h, com o jogo entre Brasil e Cro\u00e1cia, que voltaram a se encontrar em Mundiais oito anos depois da vit\u00f3ria brasileira na Copa de 2006, na Alemanha. A abertura do evento ocorreu na Arena Corinthians, em S\u00e3o Paulo.<\/p>\n<p>Depois da estreia, o Brasil enfrenta o M\u00e9xico em Fortaleza, na pr\u00f3xima ter\u00e7a-feira (17\/06), e a sele\u00e7\u00e3o de Camar\u00f5es na segunda seguinte (23\/06), em Bras\u00edlia, fechando o Grupo A. Ainda na primeira fase, vale destacar a reedi\u00e7\u00e3o da \u00faltima final, entre Espanha e Holanda (sexta, 13\/06, em Salvador) e a in\u00e9dita chave com tr\u00eas campe\u00f5es mundiais: Uruguai, Inglaterra e It\u00e1lia.<\/p>\n<p>Ao todo, s\u00e3o 64 jogos e pelo menos 5760 minutos de bola rolando em 12 cidades-sede e 32 dias de competi\u00e7\u00e3o, sendo que algumas sele\u00e7\u00f5es se despedem depois de apenas tr\u00eas partidas, enquanto o campe\u00e3o precisa de sete jogos para erguer a ta\u00e7a em 13 de julho.<\/p>\n<p>Os 32 elencos somam 736 atletas, sendo que o goleiro italiano Gianluigi Buffon chega \u00e0 quinta Copa de sua carreira, convocado desde 1998. J\u00e1 o tamb\u00e9m goleiro Faryd Mondrag\u00f3n \u00e9 o \u00fanico jogador no Brasil que esteve na Copa do Mundo de 1994 \u2013 \u00e9 ainda o mais velho, com 43 anos.<\/p>\n<p>Considerada a grande festa do futebol mundial, a prepara\u00e7\u00e3o do Brasil para o megaevento gerou uma onda de protestos e manifesta\u00e7\u00f5es.<\/p>\n<p>Fonte: BBC do Brasil<\/p>\n","protected":false},"excerpt":{"rendered":"<p>A 20\u00aa Copa do Mundo da Fifa come\u00e7ou nesta quinta-feira, 12 de junho, \u00e0s 17h, com o jogo entre Brasil e Cro\u00e1cia, que voltaram a&#8230;<\/p>\n","protected":false},"author":1182,"featured_media":5853,"comment_status":"closed","ping_status":"closed","sticky":false,"template":"","format":"standard","meta":{"footnotes":""},"categories":[6],"tags":[],"class_list":["post-6090","post","type-post","status-publish","format-standard","has-post-thumbnail","hentry","category-noticias"],"_links":{"self":[{"href":"https:\/\/www.sincomam.org.br\/index.php\/wp-json\/wp\/v2\/posts\/6090","targetHints":{"allow":["GET"]}}],"collection":[{"href":"https:\/\/www.sincomam.org.br\/index.php\/wp-json\/wp\/v2\/posts"}],"about":[{"href":"https:\/\/www.sincomam.org.br\/index.php\/wp-json\/wp\/v2\/types\/post"}],"author":[{"embeddable":true,"href":"https:\/\/www.sincomam.org.br\/index.php\/wp-json\/wp\/v2\/users\/1182"}],"replies":[{"embeddable":true,"href":"https:\/\/www.sincomam.org.br\/index.php\/wp-json\/wp\/v2\/comments?post=6090"}],"version-history":[{"count":1,"href":"https:\/\/www.sincomam.org.br\/index.php\/wp-json\/wp\/v2\/posts\/6090\/revisions"}],"predecessor-version":[{"id":6091,"href":"https:\/\/www.sincomam.org.br\/index.php\/wp-json\/wp\/v2\/posts\/6090\/revisions\/6091"}],"wp:featuredmedia":[{"embeddable":true,"href":"https:\/\/www.sincomam.org.br\/index.php\/wp-json\/wp\/v2\/media\/5853"}],"wp:attachment":[{"href":"https:\/\/www.sincomam.org.br\/index.php\/wp-json\/wp\/v2\/media?parent=6090"}],"wp:term":[{"taxonomy":"category","embeddable":true,"href":"https:\/\/www.sincomam.org.br\/index.php\/wp-json\/wp\/v2\/categories?post=6090"},{"taxonomy":"post_tag","embeddable":true,"href":"https:\/\/www.sincomam.org.br\/index.php\/wp-json\/wp\/v2\/tags?post=6090"}],"curies":[{"name":"wp","href":"https:\/\/api.w.org\/{rel}","templated":true}]}}