{"id":60882,"date":"2025-08-25T11:48:38","date_gmt":"2025-08-25T14:48:38","guid":{"rendered":"https:\/\/www.sincomam.org.br\/?p=60882"},"modified":"2025-08-25T11:48:38","modified_gmt":"2025-08-25T14:48:38","slug":"portonave-celebra-os-63-anos-de-navegantes-com-foco-no-desenvolvimento-sustentavel","status":"publish","type":"post","link":"https:\/\/www.sincomam.org.br\/index.php\/portonave-celebra-os-63-anos-de-navegantes-com-foco-no-desenvolvimento-sustentavel\/","title":{"rendered":"Portonave celebra os 63 anos de Navegantes com foco no desenvolvimento sustent\u00e1vel"},"content":{"rendered":"<p>Navegantes \u00e9 uma cidade din\u00e2mica, conectada com o mundo pelo mar desde a sua origem. Da pesca ao com\u00e9rcio internacional, o munic\u00edpio possui uma conex\u00e3o com as \u00e1guas. No dia 26 de agosto, completa 63 anos de hist\u00f3ria e, para celebrar, o Instituto Portonave, entidade sem fins lucrativos mantida pelo Terminal Portu\u00e1rio, patrocina a programa\u00e7\u00e3o do anivers\u00e1rio da cidade, como atividades culturais, shows e festival de pesca e n\u00e1utico com velas. A trajet\u00f3ria da Portonave marca presen\u00e7a nessa hist\u00f3ria desde 21 de outubro de 2007, quando o primeiro terminal portu\u00e1rio privado de cont\u00eaineres do Brasil iniciou suas opera\u00e7\u00f5es. Desde ent\u00e3o, porto e cidade caminham lado a lado.<\/p>\n<p>O munic\u00edpio, que antes tinha sua economia centrada sobretudo na ind\u00fastria pesqueira, hoje \u00e9 reconhecido pela diversidade de oportunidades. O crescimento populacional e do Produto Interno Bruto (PIB) evidenciam a parceria da rela\u00e7\u00e3o porto-cidade. Em 2006, eram 50 mil habitantes e, em 2024, j\u00e1 s\u00e3o 93.619 moradores, segundo o Instituto Brasileiro de Geografia e Estat\u00edstica (IBGE). Navegantes possui o 15\u00ba maior PIB de Santa Catarina, de R$ 6,1 bilh\u00f5es, de acordo com o \u00faltimo levantamento realizado pelo IBGE, em 2021 \u2013 um aumento de oito posi\u00e7\u00f5es desde a chegada da Portonave.<\/p>\n<p>Navegantes \u00e9 lar do terminal portu\u00e1rio mais eficiente do pa\u00eds, de acordo com a Ag\u00eancia Nacional de Transportes Aquavi\u00e1rios (ANTAQ). Cada cont\u00eainer movimentado representa mais do que uma opera\u00e7\u00e3o, mas tamb\u00e9m o desenvolvimento sustent\u00e1vel e novas possibilidades para a regi\u00e3o. O setor log\u00edstico, a constru\u00e7\u00e3o civil e tantos outros segmentos foram impulsionados pela Companhia, em uma rela\u00e7\u00e3o porto-cidade de quase 18 anos.<\/p>\n<p>O desempenho de excel\u00eancia \u00e9 reflexo da equipe da Portonave. Desde o in\u00edcio das atividades, a empresa valoriza a contrata\u00e7\u00e3o de pessoas locais e sua capacita\u00e7\u00e3o dentro do Terminal Portu\u00e1rio. A Companhia emprega 1,3 mil profissionais diretos \u2013 cerca de 70% residentes na cidade \u2013 e 5,5 mil indiretos. No \u00faltimo ano, a equipe de profissionais diretos cresceu 10% em compara\u00e7\u00e3o com 2023.<\/p>\n<p>Neste ano, pelo segundo ano consecutivo, a empresa recebeu a certifica\u00e7\u00e3o Great Place to Work (GPTW), o que demonstra que foi reconhecida como um \u00f3timo lugar para se trabalhar, com um pacote de benef\u00edcios atrativos. A cultura de seguran\u00e7a \u00e9 um dos pilares fundamentais da equipe, com a realiza\u00e7\u00e3o de treinamentos e simulados que, al\u00e9m de capacitar os profissionais, tamb\u00e9m se estende para a seguran\u00e7a da comunidade.<\/p>\n<p>A transforma\u00e7\u00e3o social tamb\u00e9m \u00e9 presente no entorno. Al\u00e9m de apoiar iniciativas de modo direto, a empresa mant\u00e9m o Instituto Portonave, marcando presen\u00e7a em associa\u00e7\u00f5es, escolas e iniciativas locais, com o prop\u00f3sito de reduzir as desigualdades sociais. Em 2024, de forma direta e via leis de incentivo fiscal, R$ 10,5 milh\u00f5es foram destinados a a\u00e7\u00f5es sociais que beneficiaram 138 mil pessoas na regi\u00e3o. Na arrecada\u00e7\u00e3o de Imposto Sobre Servi\u00e7os (ISS), a Portonave respondeu por cerca de R$ 37 milh\u00f5es repassados \u00e0 Prefeitura no \u00faltimo ano, quando representava cerca de 42% da arrecada\u00e7\u00e3o municipal.<\/p>\n<p>A Companhia tamb\u00e9m esteve presente em projetos ambientais relevantes para o munic\u00edpio, como a revitaliza\u00e7\u00e3o da Gruta Nossa Senhora de Guadalupe, a inaugura\u00e7\u00e3o do Parque das Pedreiras \u2013 primeiro mirante tur\u00edstico de Navegantes \u2013 e, recentemente, o in\u00edcio do Plano de Recupera\u00e7\u00e3o de \u00c1rea de Preserva\u00e7\u00e3o Permanente Degradada (PRAD) da restinga no bairro Meia Praia. S\u00e3o espa\u00e7os de lazer e contempla\u00e7\u00e3o para todos.<\/p>\n<p>Aos 63 anos, Navegantes permanece em constante movimento e transforma\u00e7\u00e3o. Com porto, aeroporto, empreendimentos e, sobretudo, com a for\u00e7a de sua gente, a cidade segue em crescimento.<\/p>\n<p>Fonte: Informativo dos Portos<\/p>\n","protected":false},"excerpt":{"rendered":"<p>Navegantes \u00e9 uma cidade din\u00e2mica, conectada com o mundo pelo mar desde a sua origem. Da pesca ao com\u00e9rcio internacional, o munic\u00edpio possui uma conex\u00e3o&#8230;<\/p>\n","protected":false},"author":1527,"featured_media":60883,"comment_status":"closed","ping_status":"closed","sticky":false,"template":"","format":"standard","meta":{"footnotes":""},"categories":[6],"tags":[],"class_list":["post-60882","post","type-post","status-publish","format-standard","has-post-thumbnail","hentry","category-noticias"],"_links":{"self":[{"href":"https:\/\/www.sincomam.org.br\/index.php\/wp-json\/wp\/v2\/posts\/60882","targetHints":{"allow":["GET"]}}],"collection":[{"href":"https:\/\/www.sincomam.org.br\/index.php\/wp-json\/wp\/v2\/posts"}],"about":[{"href":"https:\/\/www.sincomam.org.br\/index.php\/wp-json\/wp\/v2\/types\/post"}],"author":[{"embeddable":true,"href":"https:\/\/www.sincomam.org.br\/index.php\/wp-json\/wp\/v2\/users\/1527"}],"replies":[{"embeddable":true,"href":"https:\/\/www.sincomam.org.br\/index.php\/wp-json\/wp\/v2\/comments?post=60882"}],"version-history":[{"count":1,"href":"https:\/\/www.sincomam.org.br\/index.php\/wp-json\/wp\/v2\/posts\/60882\/revisions"}],"predecessor-version":[{"id":60884,"href":"https:\/\/www.sincomam.org.br\/index.php\/wp-json\/wp\/v2\/posts\/60882\/revisions\/60884"}],"wp:featuredmedia":[{"embeddable":true,"href":"https:\/\/www.sincomam.org.br\/index.php\/wp-json\/wp\/v2\/media\/60883"}],"wp:attachment":[{"href":"https:\/\/www.sincomam.org.br\/index.php\/wp-json\/wp\/v2\/media?parent=60882"}],"wp:term":[{"taxonomy":"category","embeddable":true,"href":"https:\/\/www.sincomam.org.br\/index.php\/wp-json\/wp\/v2\/categories?post=60882"},{"taxonomy":"post_tag","embeddable":true,"href":"https:\/\/www.sincomam.org.br\/index.php\/wp-json\/wp\/v2\/tags?post=60882"}],"curies":[{"name":"wp","href":"https:\/\/api.w.org\/{rel}","templated":true}]}}