{"id":60879,"date":"2025-08-25T10:45:35","date_gmt":"2025-08-25T13:45:35","guid":{"rendered":"https:\/\/www.sincomam.org.br\/?p=60879"},"modified":"2025-08-25T10:45:35","modified_gmt":"2025-08-25T13:45:35","slug":"mpor-destaca-avancos-na-gestao-e-diversidade-no-6o-premio-portos-brasil","status":"publish","type":"post","link":"https:\/\/www.sincomam.org.br\/index.php\/mpor-destaca-avancos-na-gestao-e-diversidade-no-6o-premio-portos-brasil\/","title":{"rendered":"MPor destaca avan\u00e7os na gest\u00e3o e diversidade no 6\u00ba &#8216;Pr\u00eamio Portos + Brasil&#8217;"},"content":{"rendered":"<p>O Minist\u00e9rio de Portos e Aeroportos (MPor), por meio da Secretaria Nacional de Portos (SNP), realizou na \u00faltima quarta-feira (20), em Bras\u00edlia, a cerim\u00f4nia de entrega da 6\u00aa edi\u00e7\u00e3o do &#8216;Pr\u00eamio Portos + Brasil&#8217;. A iniciativa reconhece os avan\u00e7os conquistados pelos portos organizados e terminais de uso privado (TUPs), refor\u00e7ando a pol\u00edtica p\u00fablica de est\u00edmulo \u00e0 moderniza\u00e7\u00e3o e \u00e0 melhoria da gest\u00e3o portu\u00e1ria.<\/p>\n<p>O ministro de portos e aeroportos, Silvio Costa Filho, ressaltou que o setor portu\u00e1rio brasileiro vive o melhor momento da sua hist\u00f3ria, com recordes de movimenta\u00e7\u00e3o e avan\u00e7os nas concess\u00f5es. Ele destacou a import\u00e2ncia de fortalecer os ramais log\u00edsticos (portos, aeroportos, rodovias e, sobretudo, hidrovias) e afirmou que a parceria entre o setor p\u00fablico e o setor privado \u00e9 fundamental para o desenvolvimento do pa\u00eds.<\/p>\n<p>O secret\u00e1rio nacional de portos, Alex \u00c1vila, acrescentou que o reconhecimento da relev\u00e2ncia estrat\u00e9gica dos portos no pa\u00eds \u00e9 relativamente recente e que a premia\u00e7\u00e3o refor\u00e7a a transpar\u00eancia e a governan\u00e7a das a\u00e7\u00f5es do minist\u00e9rio. O secret\u00e1rio destacou ainda a import\u00e2ncia da categoria de igualdade de g\u00eanero, introduzida em 2024, e anunciou novidades para as pr\u00f3ximas edi\u00e7\u00f5es. Segundo \u00c1vila, em 2026 o pr\u00eamio passar\u00e1 a contar com duas novas categorias (Inova\u00e7\u00e3o e A\u00e7\u00f5es Porto-Cidade), refor\u00e7ando a agenda de moderniza\u00e7\u00e3o e integra\u00e7\u00e3o do setor.<\/p>\n<p>Confira os vencedores da 6\u00aa edi\u00e7\u00e3o do Pr\u00eamio Portos + Brasil<\/p>\n<p><strong>Ranking IGAP<\/strong><\/p>\n<p>1\u00ba Portos do Paran\u00e1;<\/p>\n<p><strong>Avan\u00e7o IGAP<\/strong><\/p>\n<p>1\u00ba CDC \u2013 Companhia Docas do Cear\u00e1;<\/p>\n<p><strong>Igualdade de G\u00eanero<\/strong><\/p>\n<p>1\u00ba TUP \u2013 TPM (Vale S.A.);<br \/>\n1\u00ba Porto \u2013 CDP (Par\u00e1);<br \/>\n1\u00ba Arrendamento \u2013 CPBS (Vale S.A.)<\/p>\n<p><strong>Crescimento da Movimenta\u00e7\u00e3o \u2013 Varia\u00e7\u00e3o Absoluta<\/strong><\/p>\n<p>1\u00ba TUP \u2013 TMPM (Vale S.A.);<br \/>\n1\u00ba Porto \u2013 PortosRio (Itagua\u00ed);<br \/>\n1\u00ba Arrendamento \u2013 Santos Brasil (Porto de Santos)<\/p>\n<p><strong>Crescimento da Movimenta\u00e7\u00e3o \u2013 Varia\u00e7\u00e3o Percentual<\/strong><\/p>\n<p>1\u00ba TUP \u2013 Terminal Novo Remanso (AM);<br \/>\n1\u00ba Porto \u2013 CDSS (S\u00e3o Sebasti\u00e3o\/SP);<br \/>\n1\u00ba Arrendamento \u2013 Tecon Suape (PE)<\/p>\n<p>Confira\u00a0aqui\u00a0os crit\u00e9rios e o resultado geral da premia\u00e7\u00e3o.<\/p>\n<p>Fonte: Portos e Navios<\/p>\n","protected":false},"excerpt":{"rendered":"<p>O Minist\u00e9rio de Portos e Aeroportos (MPor), por meio da Secretaria Nacional de Portos (SNP), realizou na \u00faltima quarta-feira (20), em Bras\u00edlia, a cerim\u00f4nia de&#8230;<\/p>\n","protected":false},"author":1527,"featured_media":60880,"comment_status":"closed","ping_status":"closed","sticky":false,"template":"","format":"standard","meta":{"footnotes":""},"categories":[6],"tags":[],"class_list":["post-60879","post","type-post","status-publish","format-standard","has-post-thumbnail","hentry","category-noticias"],"_links":{"self":[{"href":"https:\/\/www.sincomam.org.br\/index.php\/wp-json\/wp\/v2\/posts\/60879","targetHints":{"allow":["GET"]}}],"collection":[{"href":"https:\/\/www.sincomam.org.br\/index.php\/wp-json\/wp\/v2\/posts"}],"about":[{"href":"https:\/\/www.sincomam.org.br\/index.php\/wp-json\/wp\/v2\/types\/post"}],"author":[{"embeddable":true,"href":"https:\/\/www.sincomam.org.br\/index.php\/wp-json\/wp\/v2\/users\/1527"}],"replies":[{"embeddable":true,"href":"https:\/\/www.sincomam.org.br\/index.php\/wp-json\/wp\/v2\/comments?post=60879"}],"version-history":[{"count":1,"href":"https:\/\/www.sincomam.org.br\/index.php\/wp-json\/wp\/v2\/posts\/60879\/revisions"}],"predecessor-version":[{"id":60881,"href":"https:\/\/www.sincomam.org.br\/index.php\/wp-json\/wp\/v2\/posts\/60879\/revisions\/60881"}],"wp:featuredmedia":[{"embeddable":true,"href":"https:\/\/www.sincomam.org.br\/index.php\/wp-json\/wp\/v2\/media\/60880"}],"wp:attachment":[{"href":"https:\/\/www.sincomam.org.br\/index.php\/wp-json\/wp\/v2\/media?parent=60879"}],"wp:term":[{"taxonomy":"category","embeddable":true,"href":"https:\/\/www.sincomam.org.br\/index.php\/wp-json\/wp\/v2\/categories?post=60879"},{"taxonomy":"post_tag","embeddable":true,"href":"https:\/\/www.sincomam.org.br\/index.php\/wp-json\/wp\/v2\/tags?post=60879"}],"curies":[{"name":"wp","href":"https:\/\/api.w.org\/{rel}","templated":true}]}}