{"id":60857,"date":"2025-08-22T11:42:39","date_gmt":"2025-08-22T14:42:39","guid":{"rendered":"https:\/\/www.sincomam.org.br\/?p=60857"},"modified":"2025-08-22T11:42:39","modified_gmt":"2025-08-22T14:42:39","slug":"prumo-anuncia-crescimento-de-29-no-ebitda-no-1o-semestre","status":"publish","type":"post","link":"https:\/\/www.sincomam.org.br\/index.php\/prumo-anuncia-crescimento-de-29-no-ebitda-no-1o-semestre\/","title":{"rendered":"Prumo anuncia crescimento de 29% no Ebitda no 1\u00ba semestre"},"content":{"rendered":"<p><span dir=\"auto\">A Prumo Log\u00edstica, grupo respons\u00e1vel pelo desenvolvimento do Porto do A\u00e7u, anunciou na ter\u00e7a-feira (19 de agosto) que registrou no primeiro semestre de 2025 Ebitida (lucro antes de juros, impostos, deprecia\u00e7\u00e3o e amortiza\u00e7\u00e3o) de R$ 814 milh\u00f5es. O n\u00famero, segundo a empresa, representou um crescimento de 29% em rela\u00e7\u00e3o ao mesmo per\u00edodo do ano anterior.<\/span><\/p>\n<p><span dir=\"auto\">O CEO da Prumo Log\u00edstica, Rog\u00e9rio Zampronha, creditou o resultado ao reposicionarmos do A\u00e7u como principal terminal de transi\u00e7\u00e3o energ\u00e9tica do Brasil. \u201cNossos resultados refletem nossa obsess\u00e3o em gerar mais competitividade nas cadeias de valor com as quais atuamos\u201d, disse.<\/span><\/p>\n<p><span dir=\"auto\">A empresa destacou, ao apresentar os resultados do semestre, que, em 12 meses, assinou cinco contratos vinculantes com as empresas Fuella AS, HIF Global, Yamna, Sempen e H2Brazil para a produ\u00e7\u00e3o de novos combust\u00edveis no hub de hidrog\u00eanio e derivados no Porto do A\u00e7u. Segundo a Prumo, o mais avan\u00e7ado \u00e9 o da HIF Global, para produzir e-metanol para abastecimento de navios e para o mercado de qu\u00edmica fina, cuja decis\u00e3o final de investimento deve ser anunciada ainda este ano.<\/span><\/p>\n<p><span dir=\"auto\">A empresa informou que, para o desenvolvimento dos cinco projetos, \u00e1rea licenciada de um milh\u00e3o de metros quadrados. A Prumo anunciou ainda que vai iniciar at\u00e9 o final de 2025 o licenciamento de mais tr\u00eas milh\u00f5es de metros quadrados para o hub.<\/span><\/p>\n<p><span dir=\"auto\">Fonte:\u00a0<\/span><span dir=\"auto\">Revista Portos e Navios<\/span><\/p>\n","protected":false},"excerpt":{"rendered":"<p>A Prumo Log\u00edstica, grupo respons\u00e1vel pelo desenvolvimento do Porto do A\u00e7u, anunciou na ter\u00e7a-feira (19 de agosto) que registrou no primeiro semestre de 2025 Ebitida&#8230;<\/p>\n","protected":false},"author":1527,"featured_media":60858,"comment_status":"closed","ping_status":"closed","sticky":false,"template":"","format":"standard","meta":{"footnotes":""},"categories":[6],"tags":[],"class_list":["post-60857","post","type-post","status-publish","format-standard","has-post-thumbnail","hentry","category-noticias"],"_links":{"self":[{"href":"https:\/\/www.sincomam.org.br\/index.php\/wp-json\/wp\/v2\/posts\/60857","targetHints":{"allow":["GET"]}}],"collection":[{"href":"https:\/\/www.sincomam.org.br\/index.php\/wp-json\/wp\/v2\/posts"}],"about":[{"href":"https:\/\/www.sincomam.org.br\/index.php\/wp-json\/wp\/v2\/types\/post"}],"author":[{"embeddable":true,"href":"https:\/\/www.sincomam.org.br\/index.php\/wp-json\/wp\/v2\/users\/1527"}],"replies":[{"embeddable":true,"href":"https:\/\/www.sincomam.org.br\/index.php\/wp-json\/wp\/v2\/comments?post=60857"}],"version-history":[{"count":1,"href":"https:\/\/www.sincomam.org.br\/index.php\/wp-json\/wp\/v2\/posts\/60857\/revisions"}],"predecessor-version":[{"id":60859,"href":"https:\/\/www.sincomam.org.br\/index.php\/wp-json\/wp\/v2\/posts\/60857\/revisions\/60859"}],"wp:featuredmedia":[{"embeddable":true,"href":"https:\/\/www.sincomam.org.br\/index.php\/wp-json\/wp\/v2\/media\/60858"}],"wp:attachment":[{"href":"https:\/\/www.sincomam.org.br\/index.php\/wp-json\/wp\/v2\/media?parent=60857"}],"wp:term":[{"taxonomy":"category","embeddable":true,"href":"https:\/\/www.sincomam.org.br\/index.php\/wp-json\/wp\/v2\/categories?post=60857"},{"taxonomy":"post_tag","embeddable":true,"href":"https:\/\/www.sincomam.org.br\/index.php\/wp-json\/wp\/v2\/tags?post=60857"}],"curies":[{"name":"wp","href":"https:\/\/api.w.org\/{rel}","templated":true}]}}