{"id":60848,"date":"2025-08-21T11:22:04","date_gmt":"2025-08-21T14:22:04","guid":{"rendered":"https:\/\/www.sincomam.org.br\/?p=60848"},"modified":"2025-08-21T11:22:04","modified_gmt":"2025-08-21T14:22:04","slug":"confira-os-vencedores-da-6a-edicao-do-premio-portos-brasil","status":"publish","type":"post","link":"https:\/\/www.sincomam.org.br\/index.php\/confira-os-vencedores-da-6a-edicao-do-premio-portos-brasil\/","title":{"rendered":"Confira os vencedores da 6\u00aa edi\u00e7\u00e3o do Pr\u00eamio Portos + Brasil"},"content":{"rendered":"<p>O Minist\u00e9rio de Portos e Aeroportos (MPor), por meio da Secretaria Nacional de Portos (SNP), realizou nesta quarta-feira (20), em Bras\u00edlia, a cerim\u00f4nia de entrega da 6\u00aa edi\u00e7\u00e3o do Pr\u00eamio Portos + Brasil. A iniciativa reconhece os avan\u00e7os conquistados pelos portos organizados e Terminais de Uso Privado (TUPs), refor\u00e7ando a pol\u00edtica p\u00fablica de est\u00edmulo \u00e0 moderniza\u00e7\u00e3o e \u00e0 melhoria da gest\u00e3o portu\u00e1ria.<\/p>\n<p>O ministro de Portos e Aeroportos, Silvio Costa Filho, ressaltou que o setor portu\u00e1rio brasileiro vive o melhor momento da sua hist\u00f3ria, com recordes de movimenta\u00e7\u00e3o e avan\u00e7os nas concess\u00f5es. Ele destacou a import\u00e2ncia de fortalecer os ramais log\u00edsticos (portos, aeroportos, rodovias e, sobretudo, hidrovias) e afirmou que a parceria entre o setor p\u00fablico e o setor privado \u00e9 fundamental para o desenvolvimento do pa\u00eds.<\/p>\n<p>Segundo o ministro, \u00e9 essencial que o Minist\u00e9rio de Portos e Aeroportos seja preservado como pol\u00edtica de Estado. \u201c\u00c9 fundamental que o minist\u00e9rio seja mantido e fortalecido, independente de quem esteja \u00e0 frente, porque ele \u00e9 decisivo para o desenvolvimento do Brasil\u201d, afirmou.<\/p>\n<p>O secret\u00e1rio nacional de Portos, Alex \u00c1vila, ressaltou que o Pr\u00eamio Portos + Brasil j\u00e1 se consolidou como uma pol\u00edtica p\u00fablica de est\u00edmulo \u00e0 moderniza\u00e7\u00e3o do setor. Ele lembrou que o reconhecimento da relev\u00e2ncia estrat\u00e9gica dos portos no pa\u00eds \u00e9 relativamente recente e que a premia\u00e7\u00e3o refor\u00e7a a transpar\u00eancia e a governan\u00e7a das a\u00e7\u00f5es do minist\u00e9rio. O secret\u00e1rio destacou ainda a import\u00e2ncia da categoria de igualdade de g\u00eanero, introduzida em 2024, e anunciou novidades para as pr\u00f3ximas edi\u00e7\u00f5es.<\/p>\n<p>Segundo \u00c1vila, \u201cem 2026 o pr\u00eamio passar\u00e1 a contar com duas novas categorias (Inova\u00e7\u00e3o e A\u00e7\u00f5es Porto-Cidade) refor\u00e7ando a agenda de moderniza\u00e7\u00e3o e integra\u00e7\u00e3o do setor. Al\u00e9m disso, em outubro ser\u00e1 realizado o primeiro leil\u00e3o da hist\u00f3ria de concess\u00e3o de canal de acesso p\u00fablico, um marco para a infraestrutura portu\u00e1ria brasileira\u201d.<\/p>\n<p>Presente na cerim\u00f4nia, o governador do Paran\u00e1, Ratinho Junior, celebrou a conquista dos Portos do Paran\u00e1 e ressaltou o pioneirismo do estado no setor. Ele destacou a parceria pr\u00f3xima do MPor com os governos estaduais e afirmou que o trabalho conduzido pelo ministro Silvio Costa Filho tem sido fundamental para os avan\u00e7os recentes.<\/p>\n<p>Segundo o governador, \u201ca concess\u00e3o do canal de dragagem do Porto de Paranagu\u00e1 ser\u00e1 a primeira da Am\u00e9rica Latina e dar\u00e1 um salto de qualidade para os portos do Paran\u00e1, ampliando sua capacidade e competitividade\u201d. Ratinho Junior tamb\u00e9m destacou que o Pr\u00eamio Portos + Brasil valoriza cada porto brasileiro, independentemente do porte, ao reconhecer iniciativas de moderniza\u00e7\u00e3o e solu\u00e7\u00f5es que ajudam o pa\u00eds a crescer.<\/p>\n<p>J\u00e1 o CEO da Brasil Export, Fabr\u00edcio Juli\u00e3o, o evento simboliza um marco para o setor. Segundo ele, o Pr\u00eamio Portos + Brasil \u00e9 considerado \u201co Oscar do setor portu\u00e1rio\u201d, por valorizar as melhores pr\u00e1ticas de gest\u00e3o e a transpar\u00eancia. Juli\u00e3o afirmou que iniciativas como essa contribuem para elevar o n\u00edvel de governan\u00e7a e consolidar um ambiente mais moderno e competitivo para os portos brasileiros.<\/p>\n<p>Criado em 2019, o Pr\u00eamio Portos + Brasil j\u00e1 se consolidou como refer\u00eancia no calend\u00e1rio portu\u00e1rio brasileiro, refor\u00e7ando o compromisso do MPor com efici\u00eancia, inova\u00e7\u00e3o e inclus\u00e3o.<\/p>\n<p><strong>Confira os vencedores da 6\u00aa edi\u00e7\u00e3o do Pr\u00eamio Portos + Brasil<\/strong><\/p>\n<p><strong>Ranking IGAP<\/strong><\/p>\n<p>1\u00ba Portos do Paran\u00e1;<\/p>\n<p><strong>Avan\u00e7o IGAP<\/strong><\/p>\n<p>1\u00ba CDC \u2013 Companhia Docas do Cear\u00e1;<\/p>\n<p><strong>Igualdade de G\u00eanero<\/strong><\/p>\n<p>1\u00ba TUP \u2013 TPM (Vale S.A.);<br \/>\n1\u00ba Porto \u2013 CDP (Par\u00e1);<br \/>\n1\u00ba Arrendamento \u2013 CPBS (Vale S.A.)<\/p>\n<p><strong>Crescimento da Movimenta\u00e7\u00e3o \u2013 Varia\u00e7\u00e3o Absoluta<\/strong><\/p>\n<p>1\u00ba TUP \u2013 TMPM (Vale S.A.);<br \/>\n1\u00ba Porto \u2013 PortosRio (Itagua\u00ed);<br \/>\n1\u00ba Arrendamento \u2013 Santos Brasil (Porto de Santos)<\/p>\n<p><strong>Crescimento da Movimenta\u00e7\u00e3o \u2013 Varia\u00e7\u00e3o Percentual<\/strong><\/p>\n<p>1\u00ba TUP \u2013 Terminal Novo Remanso (AM);<br \/>\n1\u00ba Porto \u2013 CDSS (S\u00e3o Sebasti\u00e3o\/SP);<br \/>\n1\u00ba Arrendamento \u2013 Tecon Suape (PE)<\/p>\n<p>Fonte: Informativo dos Portos<\/p>\n","protected":false},"excerpt":{"rendered":"<p>O Minist\u00e9rio de Portos e Aeroportos (MPor), por meio da Secretaria Nacional de Portos (SNP), realizou nesta quarta-feira (20), em Bras\u00edlia, a cerim\u00f4nia de entrega&#8230;<\/p>\n","protected":false},"author":1527,"featured_media":60849,"comment_status":"closed","ping_status":"closed","sticky":false,"template":"","format":"standard","meta":{"footnotes":""},"categories":[6],"tags":[],"class_list":["post-60848","post","type-post","status-publish","format-standard","has-post-thumbnail","hentry","category-noticias"],"_links":{"self":[{"href":"https:\/\/www.sincomam.org.br\/index.php\/wp-json\/wp\/v2\/posts\/60848","targetHints":{"allow":["GET"]}}],"collection":[{"href":"https:\/\/www.sincomam.org.br\/index.php\/wp-json\/wp\/v2\/posts"}],"about":[{"href":"https:\/\/www.sincomam.org.br\/index.php\/wp-json\/wp\/v2\/types\/post"}],"author":[{"embeddable":true,"href":"https:\/\/www.sincomam.org.br\/index.php\/wp-json\/wp\/v2\/users\/1527"}],"replies":[{"embeddable":true,"href":"https:\/\/www.sincomam.org.br\/index.php\/wp-json\/wp\/v2\/comments?post=60848"}],"version-history":[{"count":1,"href":"https:\/\/www.sincomam.org.br\/index.php\/wp-json\/wp\/v2\/posts\/60848\/revisions"}],"predecessor-version":[{"id":60850,"href":"https:\/\/www.sincomam.org.br\/index.php\/wp-json\/wp\/v2\/posts\/60848\/revisions\/60850"}],"wp:featuredmedia":[{"embeddable":true,"href":"https:\/\/www.sincomam.org.br\/index.php\/wp-json\/wp\/v2\/media\/60849"}],"wp:attachment":[{"href":"https:\/\/www.sincomam.org.br\/index.php\/wp-json\/wp\/v2\/media?parent=60848"}],"wp:term":[{"taxonomy":"category","embeddable":true,"href":"https:\/\/www.sincomam.org.br\/index.php\/wp-json\/wp\/v2\/categories?post=60848"},{"taxonomy":"post_tag","embeddable":true,"href":"https:\/\/www.sincomam.org.br\/index.php\/wp-json\/wp\/v2\/tags?post=60848"}],"curies":[{"name":"wp","href":"https:\/\/api.w.org\/{rel}","templated":true}]}}