{"id":60837,"date":"2025-08-21T11:06:20","date_gmt":"2025-08-21T14:06:20","guid":{"rendered":"https:\/\/www.sincomam.org.br\/?p=60837"},"modified":"2025-08-21T11:06:20","modified_gmt":"2025-08-21T14:06:20","slug":"portosrio-participa-de-seminario-de-seguranca-publica-portuaria","status":"publish","type":"post","link":"https:\/\/www.sincomam.org.br\/index.php\/portosrio-participa-de-seminario-de-seguranca-publica-portuaria\/","title":{"rendered":"PortosRio participa de Semin\u00e1rio de Seguran\u00e7a P\u00fablica Portu\u00e1ria"},"content":{"rendered":"<div>O presidente da PortosRio, Flavio Vieira, e o superintendente da Guarda Portu\u00e1ria, Jorge Dantas, participaram nesta ter\u00e7a-feira (19), em Bras\u00edlia, do Semin\u00e1rio de Seguran\u00e7a P\u00fablica Portu\u00e1ria, que reuniu autoridades, parlamentares e lideran\u00e7as do setor para refor\u00e7ar o papel estrat\u00e9gico da Guarda Portu\u00e1ria na seguran\u00e7a p\u00fablica brasileira.<\/div>\n<div><\/div>\n<div>Entre os presentes, destacaram-se Jos\u00e9 Alfredo de Albuquerque e Silva, representando o Ministro de Portos e Aeroportos, Silvio Costa Filho, e Marcelo Jo\u00e3o Silva, presidente da Comiss\u00e3o Nacional de Seguran\u00e7a P\u00fablica nos Portos, Terminais e Vias Naveg\u00e1veis (CONPORTOS).<\/div>\n<div><\/div>\n<div>Segundo Flavio Vieira, \u201ca PortosRio defende a valoriza\u00e7\u00e3o da Guarda Portu\u00e1ria como parte essencial da seguran\u00e7a integrada nos portos. \u00c9 fundamental que a categoria seja reconhecida no novo marco regulat\u00f3rio, para que possamos garantir ainda mais efici\u00eancia e prote\u00e7\u00e3o \u00e0s nossas opera\u00e7\u00f5es.\u201d<\/div>\n<div><\/div>\n<div>Para Jorge Dantas, \u201cnosso trabalho vai al\u00e9m da vigil\u00e2ncia: atuamos diretamente no combate ao tr\u00e1fico, contrabando e il\u00edcitos que afetam o Brasil. Esse semin\u00e1rio \u00e9 um marco para mostrar a relev\u00e2ncia da Guarda Portu\u00e1ria na seguran\u00e7a p\u00fablica nacional.\u201d<\/div>\n<div><\/div>\n<div>A presen\u00e7a da PortosRio refor\u00e7a o compromisso institucional da companhia em apoiar medidas que fortale\u00e7am a seguran\u00e7a integrada e modernizem o sistema portu\u00e1rio brasileiro.<\/div>\n<div><\/div>\n<div>Fonte: PortosRio<\/div>\n","protected":false},"excerpt":{"rendered":"<p>O presidente da PortosRio, Flavio Vieira, e o superintendente da Guarda Portu\u00e1ria, Jorge Dantas, participaram nesta ter\u00e7a-feira (19), em Bras\u00edlia, do Semin\u00e1rio de Seguran\u00e7a P\u00fablica&#8230;<\/p>\n","protected":false},"author":1527,"featured_media":60838,"comment_status":"closed","ping_status":"closed","sticky":false,"template":"","format":"standard","meta":{"footnotes":""},"categories":[6],"tags":[],"class_list":["post-60837","post","type-post","status-publish","format-standard","has-post-thumbnail","hentry","category-noticias"],"_links":{"self":[{"href":"https:\/\/www.sincomam.org.br\/index.php\/wp-json\/wp\/v2\/posts\/60837","targetHints":{"allow":["GET"]}}],"collection":[{"href":"https:\/\/www.sincomam.org.br\/index.php\/wp-json\/wp\/v2\/posts"}],"about":[{"href":"https:\/\/www.sincomam.org.br\/index.php\/wp-json\/wp\/v2\/types\/post"}],"author":[{"embeddable":true,"href":"https:\/\/www.sincomam.org.br\/index.php\/wp-json\/wp\/v2\/users\/1527"}],"replies":[{"embeddable":true,"href":"https:\/\/www.sincomam.org.br\/index.php\/wp-json\/wp\/v2\/comments?post=60837"}],"version-history":[{"count":2,"href":"https:\/\/www.sincomam.org.br\/index.php\/wp-json\/wp\/v2\/posts\/60837\/revisions"}],"predecessor-version":[{"id":60840,"href":"https:\/\/www.sincomam.org.br\/index.php\/wp-json\/wp\/v2\/posts\/60837\/revisions\/60840"}],"wp:featuredmedia":[{"embeddable":true,"href":"https:\/\/www.sincomam.org.br\/index.php\/wp-json\/wp\/v2\/media\/60838"}],"wp:attachment":[{"href":"https:\/\/www.sincomam.org.br\/index.php\/wp-json\/wp\/v2\/media?parent=60837"}],"wp:term":[{"taxonomy":"category","embeddable":true,"href":"https:\/\/www.sincomam.org.br\/index.php\/wp-json\/wp\/v2\/categories?post=60837"},{"taxonomy":"post_tag","embeddable":true,"href":"https:\/\/www.sincomam.org.br\/index.php\/wp-json\/wp\/v2\/tags?post=60837"}],"curies":[{"name":"wp","href":"https:\/\/api.w.org\/{rel}","templated":true}]}}