{"id":60825,"date":"2025-08-20T12:04:27","date_gmt":"2025-08-20T15:04:27","guid":{"rendered":"https:\/\/www.sincomam.org.br\/?p=60825"},"modified":"2025-08-20T12:04:27","modified_gmt":"2025-08-20T15:04:27","slug":"niteroi-encaminha-pl-para-renegociacao-de-dividas-do-setor-naval-2","status":"publish","type":"post","link":"https:\/\/www.sincomam.org.br\/index.php\/niteroi-encaminha-pl-para-renegociacao-de-dividas-do-setor-naval-2\/","title":{"rendered":"Niter\u00f3i encaminha PL para renegocia\u00e7\u00e3o de d\u00edvidas do setor naval"},"content":{"rendered":"<p><span dir=\"auto\">O prefeito de Niter\u00f3i (RJ), Rodrigo Neves em reuni\u00e3o com empres\u00e1rios e executivos de empresas ligadas \u00e0 constru\u00e7\u00e3o naval, o presidente do Instituto Brasileiro de Petr\u00f3leo (IBP), Roberto Aderny, e o presidente da Transpetro, S\u00e9rgio Bacci, que invejaram na semana passada \u00e0 C\u00e2mara de Vereadores o projeto de lei da cidade que concede descontos para empresas do setor de d\u00edvidas com o munic\u00edpio. Segundo ele, a expectativa \u00e9 que a proposta seja votada ainda este m\u00eas.<\/span><\/p>\n<p><span dir=\"auto\">O projeto oferece descontos de at\u00e9 100% sobre juros e multas e parcelamento em at\u00e9 240 meses de d\u00edvidas tribut\u00e1rias de empresas do setor naval. A expectativa inicial da prefeitura \u00e9 arrecadar mais de R$ 300 milh\u00f5es. A proposta, que prev\u00ea ainda outras facilidades para empresas em recupera\u00e7\u00e3o judicial ou em fal\u00eancia, foi elogiada por Miro Arantes, CEO do estaleiro Mau\u00e1, que est\u00e1 em recupera\u00e7\u00e3o judicial. \u201cSem esse projeto de lei, estaleiros como o Mau\u00e1 n\u00e3o conseguiriam dar conta de suas d\u00edvidas\u201d, afirmou Arantes<\/span><\/p>\n<p><span dir=\"auto\">A presidente do estaleiro Mac Laren, Gisela Mac Laren, disse que os incentivos para a retomada do setor v\u00eam acompanhados de investimentos privados e citou como exemplo a constru\u00e7\u00e3o de um grande dique que sua empresa est\u00e1 fazendo na Ilha da Concei\u00e7\u00e3o. \u201cO Mac Laren tem um compromisso com o desenvolvimento de Niter\u00f3i\u201d, afirmou ela<\/span><\/p>\n<p><span dir=\"auto\">No encontro, Rodrigo Neves informou ainda que a dragagem do Canal de S\u00e3o Louren\u00e7o ser\u00e1 encerrada at\u00e9 o in\u00edcio do ano que vem e que o aumento da profundidade permitir\u00e1 receber e construir embarca\u00e7\u00f5es maiores nos estaleiros niteroienses. Segundo ele, apesar dos servi\u00e7os de dragagem serem de responsabilidade federal, a Prefeitura assumiu o trabalho por considerar a import\u00e2ncia do setor para a gera\u00e7\u00e3o de emprego e renda em Niter\u00f3i.<\/span><\/p>\n<p><span dir=\"auto\">O presidente da Transpetro, S\u00e9rgio Bacci, lembrou que a retomada da ind\u00fastria naval depende de encomendas de grandes navios e plataformas e anunciou, na reuni\u00e3o, que at\u00e9 o fim de 2026 a empresa vai licitar 25 navios. \u201cAl\u00e9m desses navios, eu tenho 20 barca\u00e7as para serem constru\u00eddas e acredito que v\u00e1rios estaleiros de Niter\u00f3i tamb\u00e9m podem participar\u201d, disse Bacci.<\/span><\/p>\n<p><span dir=\"auto\">O secret\u00e1rio de Desenvolvimento Econ\u00f4mico e Revitaliza\u00e7\u00e3o do Centro de Niter\u00f3i, Fabiano Gon\u00e7alves, afirmou que a cidade pode ser uma das mais beneficiadas com a retomada do setor, principalmente em rela\u00e7\u00e3o a navios e plataformas, desde a fabrica\u00e7\u00e3o at\u00e9 a desativa\u00e7\u00e3o e a desmontagem. Al\u00e9m disso, disse ele, o munic\u00edpio est\u00e1 empenhado em qualificar m\u00e3o de obra de jovens atendidos por programas da Prefeitura para direcion\u00e1-los ao setor. \u201cNosso objetivo \u00e9 reter talentos em Niter\u00f3i, promovendo o desenvolvimento local e o aumento da massa salarial\u201d.<\/span><\/p>\n<p><span dir=\"auto\">Fonte:\u00a0<\/span><span dir=\"auto\">Revista Portos e Navios<\/span><\/p>\n","protected":false},"excerpt":{"rendered":"<p>O prefeito de Niter\u00f3i (RJ), Rodrigo Neves em reuni\u00e3o com empres\u00e1rios e executivos de empresas ligadas \u00e0 constru\u00e7\u00e3o naval, o presidente do Instituto Brasileiro de&#8230;<\/p>\n","protected":false},"author":1527,"featured_media":60826,"comment_status":"closed","ping_status":"closed","sticky":false,"template":"","format":"standard","meta":{"footnotes":""},"categories":[6],"tags":[],"class_list":["post-60825","post","type-post","status-publish","format-standard","has-post-thumbnail","hentry","category-noticias"],"_links":{"self":[{"href":"https:\/\/www.sincomam.org.br\/index.php\/wp-json\/wp\/v2\/posts\/60825","targetHints":{"allow":["GET"]}}],"collection":[{"href":"https:\/\/www.sincomam.org.br\/index.php\/wp-json\/wp\/v2\/posts"}],"about":[{"href":"https:\/\/www.sincomam.org.br\/index.php\/wp-json\/wp\/v2\/types\/post"}],"author":[{"embeddable":true,"href":"https:\/\/www.sincomam.org.br\/index.php\/wp-json\/wp\/v2\/users\/1527"}],"replies":[{"embeddable":true,"href":"https:\/\/www.sincomam.org.br\/index.php\/wp-json\/wp\/v2\/comments?post=60825"}],"version-history":[{"count":1,"href":"https:\/\/www.sincomam.org.br\/index.php\/wp-json\/wp\/v2\/posts\/60825\/revisions"}],"predecessor-version":[{"id":60827,"href":"https:\/\/www.sincomam.org.br\/index.php\/wp-json\/wp\/v2\/posts\/60825\/revisions\/60827"}],"wp:featuredmedia":[{"embeddable":true,"href":"https:\/\/www.sincomam.org.br\/index.php\/wp-json\/wp\/v2\/media\/60826"}],"wp:attachment":[{"href":"https:\/\/www.sincomam.org.br\/index.php\/wp-json\/wp\/v2\/media?parent=60825"}],"wp:term":[{"taxonomy":"category","embeddable":true,"href":"https:\/\/www.sincomam.org.br\/index.php\/wp-json\/wp\/v2\/categories?post=60825"},{"taxonomy":"post_tag","embeddable":true,"href":"https:\/\/www.sincomam.org.br\/index.php\/wp-json\/wp\/v2\/tags?post=60825"}],"curies":[{"name":"wp","href":"https:\/\/api.w.org\/{rel}","templated":true}]}}