{"id":60818,"date":"2025-08-20T10:39:30","date_gmt":"2025-08-20T13:39:30","guid":{"rendered":"https:\/\/www.sincomam.org.br\/?p=60818"},"modified":"2025-08-20T10:39:30","modified_gmt":"2025-08-20T13:39:30","slug":"marinha-realiza-manobra-inedita-com-navio-mercante-no-para-e-amplia-capacidade-de-salvamento-na-regiao-norte","status":"publish","type":"post","link":"https:\/\/www.sincomam.org.br\/index.php\/marinha-realiza-manobra-inedita-com-navio-mercante-no-para-e-amplia-capacidade-de-salvamento-na-regiao-norte\/","title":{"rendered":"Marinha realiza manobra in\u00e9dita com navio mercante no Par\u00e1 e amplia capacidade de salvamento na Regi\u00e3o Norte"},"content":{"rendered":"<p>Nas \u00e1guas do\u00a0Rio Par\u00e1, a\u00a0Marinha do Brasil\u00a0realizou um exerc\u00edcio in\u00e9dito de\u00a0reboque de navio mercante, envolvendo o gaseiro\u00a0<em>Jorge Amado<\/em>\u00a0e o\u00a0Navio de Apoio Oce\u00e2nico (NApOc) Iguatemi. A manobra, marcada pela precis\u00e3o e complexidade, ampliou a capacidade de salvamento da For\u00e7a Naval na\u00a0Regi\u00e3o Norte, em rotas cr\u00edticas para o escoamento de riquezas da\u00a0Amaz\u00f4nia Azul.<\/p>\n<h3 class=\"wp-block-heading\">Aspectos t\u00e9cnicos do exerc\u00edcio de reboque<\/h3>\n<p>A opera\u00e7\u00e3o ocorreu nas proximidades da\u00a0Ilha de Mosqueiro (PA)\u00a0e exigiu elevado grau de coordena\u00e7\u00e3o. O navio gaseiro\u00a0<em>Jorge Amado<\/em>, da\u00a0Transpetro, possui cerca de\u00a0100 metros de comprimento e mais de 6 mil toneladas de deslocamento, o que aumentou o desafio para a tripula\u00e7\u00e3o do\u00a0NApOc Iguatemi, que realizou seu primeiro exerc\u00edcio desse tipo desde a incorpora\u00e7\u00e3o.<\/p>\n<div class=\"wp-block-image\">\n<p>Foram avaliadas manobras cr\u00edticas, como\u00a0aproxima\u00e7\u00e3o, engate e condu\u00e7\u00e3o do reboque, todas executadas com alto n\u00edvel de seguran\u00e7a. O\u00a0Capit\u00e3o de Corveta Marcos Antonio Lage Machado, comandante do Iguatemi, destacou que cada exerc\u00edcio eleva a profici\u00eancia da tripula\u00e7\u00e3o e garante resposta r\u00e1pida em cen\u00e1rios reais de salvamento.<\/p>\n<h3 class=\"wp-block-heading\">Integra\u00e7\u00e3o entre Marinha e setor mar\u00edtimo<\/h3>\n<p>O car\u00e1ter in\u00e9dito da opera\u00e7\u00e3o foi refor\u00e7ado pela parceria entre a\u00a0Marinha do\u00a0Brasil, a\u00a0Transpetro\u00a0e a\u00a0empresa de praticagem Barra do Par\u00e1. Essa integra\u00e7\u00e3o aproximou ainda mais o\u00a0Poder Naval\u00a0da\u00a0Marinha Mercante, contribuindo para a seguran\u00e7a da navega\u00e7\u00e3o em \u00e1reas estrat\u00e9gicas do pa\u00eds.<\/p>\n<p>Para o comandante do\u00a0<em>Jorge Amado<\/em>, Marcus Vin\u00edcius, a atividade mostrou a efici\u00eancia da coopera\u00e7\u00e3o: \u201cAs manobras de aproxima\u00e7\u00e3o e reboque foram conduzidas com a maior seguran\u00e7a poss\u00edvel, fruto de um planejamento conjunto que demonstrou sinergia entre as equipes\u201d.<\/p>\n<p>O Capit\u00e3o de Longo Curso Freire, gerente da empresa INGER, tamb\u00e9m ressaltou que a parceria fortalece os padr\u00f5es de seguran\u00e7a em \u00e1guas jurisdicionais brasileiras e deve ser ampliada no futuro.<\/p>\n<h3 class=\"wp-block-heading\">Import\u00e2ncia estrat\u00e9gica para a Regi\u00e3o Norte<\/h3>\n<p>O\u00a0NApOc Iguatemi, subordinado ao\u00a0Comando do 4\u00ba Distrito Naval, tem atua\u00e7\u00e3o essencial na Regi\u00e3o Norte, cobrindo cerca de\u00a011 mil quil\u00f4metros de vias fluviais naveg\u00e1veis\u00a0e 1,7 milh\u00e3o de km\u00b2 de \u00e1reas mar\u00edtimas. A embarca\u00e7\u00e3o \u00e9 projetada para atuar em\u00a0salvamento mar\u00edtimo, apoio log\u00edstico e seguran\u00e7a da navega\u00e7\u00e3o\u00a0em alguns dos ambientes mais desafiadores do pa\u00eds.<\/p>\n<p>Esse exerc\u00edcio refor\u00e7a a prontid\u00e3o da Marinha para atuar em situa\u00e7\u00f5es de emerg\u00eancia em estados como\u00a0Amap\u00e1, Maranh\u00e3o, Par\u00e1 e Piau\u00ed, garantindo prote\u00e7\u00e3o \u00e0s rotas de transporte que sustentam a economia regional. Ao longo de 2025, o Iguatemi seguir\u00e1 em uma agenda de treinamentos, ampliando sua capacidade de resposta em apoio \u00e0 sociedade e \u00e0 seguran\u00e7a mar\u00edtima.<\/p>\n<p>Fonte: Defesa em Foco<\/p>\n<\/div>\n","protected":false},"excerpt":{"rendered":"<p>Nas \u00e1guas do\u00a0Rio Par\u00e1, a\u00a0Marinha do Brasil\u00a0realizou um exerc\u00edcio in\u00e9dito de\u00a0reboque de navio mercante, envolvendo o gaseiro\u00a0Jorge Amado\u00a0e o\u00a0Navio de Apoio Oce\u00e2nico (NApOc) Iguatemi. A&#8230;<\/p>\n","protected":false},"author":1527,"featured_media":60820,"comment_status":"closed","ping_status":"closed","sticky":false,"template":"","format":"standard","meta":{"footnotes":""},"categories":[6],"tags":[],"class_list":["post-60818","post","type-post","status-publish","format-standard","has-post-thumbnail","hentry","category-noticias"],"_links":{"self":[{"href":"https:\/\/www.sincomam.org.br\/index.php\/wp-json\/wp\/v2\/posts\/60818","targetHints":{"allow":["GET"]}}],"collection":[{"href":"https:\/\/www.sincomam.org.br\/index.php\/wp-json\/wp\/v2\/posts"}],"about":[{"href":"https:\/\/www.sincomam.org.br\/index.php\/wp-json\/wp\/v2\/types\/post"}],"author":[{"embeddable":true,"href":"https:\/\/www.sincomam.org.br\/index.php\/wp-json\/wp\/v2\/users\/1527"}],"replies":[{"embeddable":true,"href":"https:\/\/www.sincomam.org.br\/index.php\/wp-json\/wp\/v2\/comments?post=60818"}],"version-history":[{"count":1,"href":"https:\/\/www.sincomam.org.br\/index.php\/wp-json\/wp\/v2\/posts\/60818\/revisions"}],"predecessor-version":[{"id":60821,"href":"https:\/\/www.sincomam.org.br\/index.php\/wp-json\/wp\/v2\/posts\/60818\/revisions\/60821"}],"wp:featuredmedia":[{"embeddable":true,"href":"https:\/\/www.sincomam.org.br\/index.php\/wp-json\/wp\/v2\/media\/60820"}],"wp:attachment":[{"href":"https:\/\/www.sincomam.org.br\/index.php\/wp-json\/wp\/v2\/media?parent=60818"}],"wp:term":[{"taxonomy":"category","embeddable":true,"href":"https:\/\/www.sincomam.org.br\/index.php\/wp-json\/wp\/v2\/categories?post=60818"},{"taxonomy":"post_tag","embeddable":true,"href":"https:\/\/www.sincomam.org.br\/index.php\/wp-json\/wp\/v2\/tags?post=60818"}],"curies":[{"name":"wp","href":"https:\/\/api.w.org\/{rel}","templated":true}]}}