{"id":60815,"date":"2025-08-20T10:20:34","date_gmt":"2025-08-20T13:20:34","guid":{"rendered":"https:\/\/www.sincomam.org.br\/?p=60815"},"modified":"2025-08-20T10:20:34","modified_gmt":"2025-08-20T13:20:34","slug":"6a-edicao-do-premio-portos-brasil-reconhece-os-melhores-portos-do-pais-nesta-quarta-feira","status":"publish","type":"post","link":"https:\/\/www.sincomam.org.br\/index.php\/6a-edicao-do-premio-portos-brasil-reconhece-os-melhores-portos-do-pais-nesta-quarta-feira\/","title":{"rendered":"6\u00aa edi\u00e7\u00e3o do Pr\u00eamio Portos + Brasil reconhece os melhores portos do pa\u00eds nesta quarta-feira"},"content":{"rendered":"<p>O Minist\u00e9rio de Portos e Aeroportos (MPor), por meio da Secretaria Nacional de Portos (SNP), realiza em Bras\u00edlia (DF) a cerim\u00f4nia de entrega da 6\u00aa edi\u00e7\u00e3o do Pr\u00eamio Portos + Brasil. O evento, j\u00e1 consolidado no calend\u00e1rio do setor portu\u00e1rio, tem como objetivo reconhecer os avan\u00e7os conquistados pelos portos organizados e Terminais de Uso Privado (TUPs) brasileiros. Mais do que uma celebra\u00e7\u00e3o, o pr\u00eamio \u00e9 parte de uma pol\u00edtica p\u00fablica de est\u00edmulo \u00e0 moderniza\u00e7\u00e3o e \u00e0 melhoria da gest\u00e3o portu\u00e1ria, que tamb\u00e9m contribui para a forma\u00e7\u00e3o de um banco de dados hist\u00f3rico sobre o setor.<\/p>\n<p>Na edi\u00e7\u00e3o de 2025, ser\u00e3o contemplados os destaques nas categorias Ranking IGAP, Avan\u00e7o IGAP, Igualdade de G\u00eanero, Crescimento da Movimenta\u00e7\u00e3o Total \u2013 Varia\u00e7\u00e3o Absoluta e Crescimento da Movimenta\u00e7\u00e3o Total \u2013 Varia\u00e7\u00e3o Percentual. Os trof\u00e9us ser\u00e3o entregues aos tr\u00eas primeiros colocados de cada categoria, avaliados por crit\u00e9rios de gest\u00e3o, movimenta\u00e7\u00e3o e resultados financeiros. O destaque vai para o Ranking Avan\u00e7o IGAP, que premia os portos que mais evolu\u00edram em rela\u00e7\u00e3o ao desempenho do ano anterior.<\/p>\n<p>Introduzida na edi\u00e7\u00e3o passada, a categoria Igualdade de G\u00eanero premia os portos com maior participa\u00e7\u00e3o de mulheres em seu quadro funcional e em cargos de gest\u00e3o, refor\u00e7ando o compromisso com a diversidade e alinhamento ao Objetivo de Desenvolvimento Sustent\u00e1vel 5 (ODS 5) da Agenda 2030 da ONU.<\/p>\n<p>Fonte: Informativo dos Portos<\/p>\n","protected":false},"excerpt":{"rendered":"<p>O Minist\u00e9rio de Portos e Aeroportos (MPor), por meio da Secretaria Nacional de Portos (SNP), realiza em Bras\u00edlia (DF) a cerim\u00f4nia de entrega da 6\u00aa&#8230;<\/p>\n","protected":false},"author":1527,"featured_media":60816,"comment_status":"closed","ping_status":"closed","sticky":false,"template":"","format":"standard","meta":{"footnotes":""},"categories":[6],"tags":[],"class_list":["post-60815","post","type-post","status-publish","format-standard","has-post-thumbnail","hentry","category-noticias"],"_links":{"self":[{"href":"https:\/\/www.sincomam.org.br\/index.php\/wp-json\/wp\/v2\/posts\/60815","targetHints":{"allow":["GET"]}}],"collection":[{"href":"https:\/\/www.sincomam.org.br\/index.php\/wp-json\/wp\/v2\/posts"}],"about":[{"href":"https:\/\/www.sincomam.org.br\/index.php\/wp-json\/wp\/v2\/types\/post"}],"author":[{"embeddable":true,"href":"https:\/\/www.sincomam.org.br\/index.php\/wp-json\/wp\/v2\/users\/1527"}],"replies":[{"embeddable":true,"href":"https:\/\/www.sincomam.org.br\/index.php\/wp-json\/wp\/v2\/comments?post=60815"}],"version-history":[{"count":1,"href":"https:\/\/www.sincomam.org.br\/index.php\/wp-json\/wp\/v2\/posts\/60815\/revisions"}],"predecessor-version":[{"id":60817,"href":"https:\/\/www.sincomam.org.br\/index.php\/wp-json\/wp\/v2\/posts\/60815\/revisions\/60817"}],"wp:featuredmedia":[{"embeddable":true,"href":"https:\/\/www.sincomam.org.br\/index.php\/wp-json\/wp\/v2\/media\/60816"}],"wp:attachment":[{"href":"https:\/\/www.sincomam.org.br\/index.php\/wp-json\/wp\/v2\/media?parent=60815"}],"wp:term":[{"taxonomy":"category","embeddable":true,"href":"https:\/\/www.sincomam.org.br\/index.php\/wp-json\/wp\/v2\/categories?post=60815"},{"taxonomy":"post_tag","embeddable":true,"href":"https:\/\/www.sincomam.org.br\/index.php\/wp-json\/wp\/v2\/tags?post=60815"}],"curies":[{"name":"wp","href":"https:\/\/api.w.org\/{rel}","templated":true}]}}