{"id":60781,"date":"2025-08-18T08:30:27","date_gmt":"2025-08-18T11:30:27","guid":{"rendered":"https:\/\/www.sincomam.org.br\/?p=60781"},"modified":"2025-08-18T08:30:27","modified_gmt":"2025-08-18T11:30:27","slug":"marinha-forma-novos-aquaviarios-e-fortalece-amazonia-azul-em-areia-branca","status":"publish","type":"post","link":"https:\/\/www.sincomam.org.br\/index.php\/marinha-forma-novos-aquaviarios-e-fortalece-amazonia-azul-em-areia-branca\/","title":{"rendered":"Marinha forma novos aquavi\u00e1rios e fortalece Amaz\u00f4nia Azul em Areia Branca"},"content":{"rendered":"<p>A Marinha do Brasil, por meio da Ag\u00eancia da Capitania dos Portos em Areia Branca, celebrou a conclus\u00e3o do Curso de Forma\u00e7\u00e3o de Aquavi\u00e1rios (CFAQ-MAF\/MAM), turma 1\/2025. O evento formou 25 novos profissionais capacitados para atuar na navega\u00e7\u00e3o fluvial, refor\u00e7ando a import\u00e2ncia estrat\u00e9gica da Amaz\u00f4nia Azul para o desenvolvimento nacional.<\/p>\n<p><strong>Forma\u00e7\u00e3o e Capacita\u00e7\u00e3o Profissional<\/strong><br \/>\nO Curso de Forma\u00e7\u00e3o de Aquavi\u00e1rios \u2013 Marinheiro Auxiliar Fluvial de Conv\u00e9s e de M\u00e1quinas (CFAQ-MAF\/MAM) teve como objetivo preparar os alunos para desempenhar fun\u00e7\u00f5es essenciais a bordo de embarca\u00e7\u00f5es, tanto no conv\u00e9s quanto no setor de m\u00e1quinas. Durante a capacita\u00e7\u00e3o, os concluintes receberam instru\u00e7\u00f5es em navega\u00e7\u00e3o, manuseio de equipamentos, manuten\u00e7\u00e3o, seguran\u00e7a e preven\u00e7\u00e3o de acidentes.<\/p>\n<p>Segundo a Ag\u00eancia da Capitania dos Portos, a forma\u00e7\u00e3o dos aquavi\u00e1rios atende \u00e0s crescentes demandas do transporte fluvial brasileiro, assegurando m\u00e3o de obra qualificada para contribuir com a seguran\u00e7a da navega\u00e7\u00e3o e o fortalecimento da log\u00edstica nacional.<\/p>\n<p><strong>Impacto na Comunidade e na Economia Local<\/strong><br \/>\nA cerim\u00f4nia de encerramento, realizada no dia 6 de agosto, contou com a presen\u00e7a do Presidente da Sociedade de Amigos da Marinha em Areia Branca e dos familiares dos alunos. O momento marcou n\u00e3o apenas a entrega das Cadernetas de Inscri\u00e7\u00e3o e Registro, mas tamb\u00e9m a valoriza\u00e7\u00e3o social do trabalho dos aquavi\u00e1rios.<\/p>\n<p>Os novos profissionais atuar\u00e3o diretamente em atividades que garantem a circula\u00e7\u00e3o de pessoas e mercadorias nas vias fluviais, representando um importante elo para o desenvolvimento econ\u00f4mico da regi\u00e3o. A presen\u00e7a das fam\u00edlias na solenidade refor\u00e7ou a dimens\u00e3o social da forma\u00e7\u00e3o, destacando o orgulho e o reconhecimento da comunidade pelo papel desempenhado pela Marinha na capacita\u00e7\u00e3o de cidad\u00e3os.<\/p>\n<p><strong>Contribui\u00e7\u00e3o para a Amaz\u00f4nia Azul<\/strong><br \/>\nDurante o evento, destacou-se tamb\u00e9m a liga\u00e7\u00e3o direta entre a forma\u00e7\u00e3o dos aquavi\u00e1rios e a prote\u00e7\u00e3o da Amaz\u00f4nia Azul \u2013 conceito estrat\u00e9gico que simboliza a riqueza e a extens\u00e3o do territ\u00f3rio mar\u00edtimo brasileiro. Ao capacitar novos profissionais para atuar de forma segura e respons\u00e1vel nas \u00e1guas interiores, a Marinha amplia sua capacidade de vigil\u00e2ncia, prote\u00e7\u00e3o e desenvolvimento sustent\u00e1vel dos recursos nacionais.<\/p>\n<p>Assim, cada novo aquavi\u00e1rio formado passa a integrar a linha de frente de defesa e opera\u00e7\u00e3o da Amaz\u00f4nia Azul, contribuindo n\u00e3o apenas para a seguran\u00e7a da navega\u00e7\u00e3o, mas tamb\u00e9m para a soberania do pa\u00eds sobre seu espa\u00e7o mar\u00edtimo e fluvial.<\/p>\n<p>Fonte: Defesa em Foco<\/p>\n","protected":false},"excerpt":{"rendered":"<p>A Marinha do Brasil, por meio da Ag\u00eancia da Capitania dos Portos em Areia Branca, celebrou a conclus\u00e3o do Curso de Forma\u00e7\u00e3o de Aquavi\u00e1rios (CFAQ-MAF\/MAM),&#8230;<\/p>\n","protected":false},"author":1527,"featured_media":60782,"comment_status":"closed","ping_status":"closed","sticky":false,"template":"","format":"standard","meta":{"footnotes":""},"categories":[6],"tags":[],"class_list":["post-60781","post","type-post","status-publish","format-standard","has-post-thumbnail","hentry","category-noticias"],"_links":{"self":[{"href":"https:\/\/www.sincomam.org.br\/index.php\/wp-json\/wp\/v2\/posts\/60781","targetHints":{"allow":["GET"]}}],"collection":[{"href":"https:\/\/www.sincomam.org.br\/index.php\/wp-json\/wp\/v2\/posts"}],"about":[{"href":"https:\/\/www.sincomam.org.br\/index.php\/wp-json\/wp\/v2\/types\/post"}],"author":[{"embeddable":true,"href":"https:\/\/www.sincomam.org.br\/index.php\/wp-json\/wp\/v2\/users\/1527"}],"replies":[{"embeddable":true,"href":"https:\/\/www.sincomam.org.br\/index.php\/wp-json\/wp\/v2\/comments?post=60781"}],"version-history":[{"count":1,"href":"https:\/\/www.sincomam.org.br\/index.php\/wp-json\/wp\/v2\/posts\/60781\/revisions"}],"predecessor-version":[{"id":60783,"href":"https:\/\/www.sincomam.org.br\/index.php\/wp-json\/wp\/v2\/posts\/60781\/revisions\/60783"}],"wp:featuredmedia":[{"embeddable":true,"href":"https:\/\/www.sincomam.org.br\/index.php\/wp-json\/wp\/v2\/media\/60782"}],"wp:attachment":[{"href":"https:\/\/www.sincomam.org.br\/index.php\/wp-json\/wp\/v2\/media?parent=60781"}],"wp:term":[{"taxonomy":"category","embeddable":true,"href":"https:\/\/www.sincomam.org.br\/index.php\/wp-json\/wp\/v2\/categories?post=60781"},{"taxonomy":"post_tag","embeddable":true,"href":"https:\/\/www.sincomam.org.br\/index.php\/wp-json\/wp\/v2\/tags?post=60781"}],"curies":[{"name":"wp","href":"https:\/\/api.w.org\/{rel}","templated":true}]}}