{"id":60775,"date":"2025-08-18T08:24:47","date_gmt":"2025-08-18T11:24:47","guid":{"rendered":"https:\/\/www.sincomam.org.br\/?p=60775"},"modified":"2025-08-18T08:24:47","modified_gmt":"2025-08-18T11:24:47","slug":"antaq-abre-consulta-para-arrendamento-de-terminal-de-graneis-liquidos-no-porto-do-rio","status":"publish","type":"post","link":"https:\/\/www.sincomam.org.br\/index.php\/antaq-abre-consulta-para-arrendamento-de-terminal-de-graneis-liquidos-no-porto-do-rio\/","title":{"rendered":"Antaq abre consulta para arrendamento de terminal de gran\u00e9is l\u00edquidos no Porto do Rio"},"content":{"rendered":"<p>A Ag\u00eancia Nacional de Transportes Aquavi\u00e1rios (Antaq) abriu, na \u00faltima quarta-feira (13), a consulta p\u00fablica para arrendamento de 11.800 metros quadrados no Porto do Rio de Janeiro para movimenta\u00e7\u00e3o e armazenagem de gran\u00e9is l\u00edquidos n\u00e3o inflam\u00e1veis, especialmente \u00f3leos b\u00e1sicos. A consulta ficar\u00e1 aberta at\u00e9 26 de setembro, e a data da sess\u00e3o p\u00fablica virtual ser\u00e1 divulgada em breve.<\/p>\n<p>A ag\u00eancia informou que as minutas e demais documentos est\u00e3o dispon\u00edveis no\u00a0site da Antaq<a href=\"https:\/\/www.gov.br\/antaq\/pt-br\/acesso-a-informacao\/participacao-social\/audiencias-e-consultas-publicas\/audiencias-publicas-em-andamento.\">.<\/a>\u00a0As contribui\u00e7\u00f5es devem ser enviadas exclusivamente pelo formul\u00e1rio eletr\u00f4nico da ag\u00eancia, at\u00e9 \u00e0s 23h59 do dia 26\/09\/2025. Ser\u00e1 poss\u00edvel anexar mapas, plantas e fotos por e-mail (anexo_audiencia052025@antaq.gov.br), desde que o envio seja identificado e dentro do prazo, sem dispensar o preenchimento do formul\u00e1rio. Quem n\u00e3o tiver acesso aos recursos necess\u00e1rios poder\u00e1 utilizar computadores da Secretaria-Geral da Ag\u00eancia, em Bras\u00edlia, ou de suas unidades regionais.<\/p>\n<p>Fonte: Portos e Navios<\/p>\n","protected":false},"excerpt":{"rendered":"<p>A Ag\u00eancia Nacional de Transportes Aquavi\u00e1rios (Antaq) abriu, na \u00faltima quarta-feira (13), a consulta p\u00fablica para arrendamento de 11.800 metros quadrados no Porto do Rio&#8230;<\/p>\n","protected":false},"author":1527,"featured_media":60776,"comment_status":"closed","ping_status":"closed","sticky":false,"template":"","format":"standard","meta":{"footnotes":""},"categories":[6],"tags":[],"class_list":["post-60775","post","type-post","status-publish","format-standard","has-post-thumbnail","hentry","category-noticias"],"_links":{"self":[{"href":"https:\/\/www.sincomam.org.br\/index.php\/wp-json\/wp\/v2\/posts\/60775","targetHints":{"allow":["GET"]}}],"collection":[{"href":"https:\/\/www.sincomam.org.br\/index.php\/wp-json\/wp\/v2\/posts"}],"about":[{"href":"https:\/\/www.sincomam.org.br\/index.php\/wp-json\/wp\/v2\/types\/post"}],"author":[{"embeddable":true,"href":"https:\/\/www.sincomam.org.br\/index.php\/wp-json\/wp\/v2\/users\/1527"}],"replies":[{"embeddable":true,"href":"https:\/\/www.sincomam.org.br\/index.php\/wp-json\/wp\/v2\/comments?post=60775"}],"version-history":[{"count":1,"href":"https:\/\/www.sincomam.org.br\/index.php\/wp-json\/wp\/v2\/posts\/60775\/revisions"}],"predecessor-version":[{"id":60777,"href":"https:\/\/www.sincomam.org.br\/index.php\/wp-json\/wp\/v2\/posts\/60775\/revisions\/60777"}],"wp:featuredmedia":[{"embeddable":true,"href":"https:\/\/www.sincomam.org.br\/index.php\/wp-json\/wp\/v2\/media\/60776"}],"wp:attachment":[{"href":"https:\/\/www.sincomam.org.br\/index.php\/wp-json\/wp\/v2\/media?parent=60775"}],"wp:term":[{"taxonomy":"category","embeddable":true,"href":"https:\/\/www.sincomam.org.br\/index.php\/wp-json\/wp\/v2\/categories?post=60775"},{"taxonomy":"post_tag","embeddable":true,"href":"https:\/\/www.sincomam.org.br\/index.php\/wp-json\/wp\/v2\/tags?post=60775"}],"curies":[{"name":"wp","href":"https:\/\/api.w.org\/{rel}","templated":true}]}}