{"id":60766,"date":"2025-08-18T08:19:22","date_gmt":"2025-08-18T11:19:22","guid":{"rendered":"https:\/\/www.sincomam.org.br\/?p=60766"},"modified":"2025-08-18T08:19:22","modified_gmt":"2025-08-18T11:19:22","slug":"reaberto-prazo-de-consulta-publica-sobre-eolicas-no-mar","status":"publish","type":"post","link":"https:\/\/www.sincomam.org.br\/index.php\/reaberto-prazo-de-consulta-publica-sobre-eolicas-no-mar\/","title":{"rendered":"Reaberto prazo de consulta p\u00fablica sobre e\u00f3licas no mar"},"content":{"rendered":"<p>O Minist\u00e9rio de Minas e Energia (MME), reabriu at\u00e9 o pr\u00f3ximo dia 1\u00ba de setembro, a consulta p\u00fablica sobre a sele\u00e7\u00e3o de \u00e1reas destinadas \u00e0 gera\u00e7\u00e3o de energia e\u00f3lica offshore no pa\u00eds. O objetivo \u00e9 receber contribui\u00e7\u00f5es da sociedade e do setor produtivo para definir crit\u00e9rios t\u00e9cnicos das escolhas. As propostas podem ser apresentadas pelo site do Minist\u00e9rio ou pelo portal Participa + Brasil.<\/p>\n<p>A proposta de metodologia de sele\u00e7\u00e3o de \u00e1reas nasceu de demanda do pr\u00f3prio MME \u00e0 Empresa de Pesquisa Energ\u00e9tica (EPE) de um instrumento para orientar tecnicamente a defini\u00e7\u00e3o de \u00e1reas no espa\u00e7o marinho brasileiro para os novos projetos. O objetivo \u00e9 avaliar aspectos t\u00e9cnicos, ambientais, sociais e econ\u00f4micos, em busca de aproveitar o potencial e\u00f3lico de maneira sustent\u00e1vel, ordenada e em conson\u00e2ncia com o Planejamento Espacial Marinho (PEM).<\/p>\n<p>Antes de chegar \u00e0 fase de consulta p\u00fablica, a metodologia foi apresentada e debatida em oficinas nos dias 5 e 9 de maio de 2025 com o grupo de trabalho (GT) de e\u00f3licas offshore. Nos encontros, institui\u00e7\u00f5es do setor puderam sugerir melhorias, que foram analisadas e incorporadas pelas equipes t\u00e9cnicas do MME e da EPE. Agora, o objetivo \u00e9 ampliar o debate, envolvendo n\u00e3o apenas especialistas, mas toda a sociedade interessada no avan\u00e7o da matriz energ\u00e9tica renov\u00e1vel brasileira. As atividades do GT s\u00e3o divulgadas regularmente no site da pasta.<\/p>\n<p>Segundo o minist\u00e9rio, a meta \u00e9 ter um processo transparente e alinhado \u00e0s melhores pr\u00e1ticas internacionais para instala\u00e7\u00e3o de equipamentos no mar. Isso significa conciliar a instala\u00e7\u00e3o de aerogeradores com outras atividades essenciais, como pesca, navega\u00e7\u00e3o e preserva\u00e7\u00e3o ambiental. A pasta alega que busca oferecer seguran\u00e7a jur\u00eddica e previsibilidade aos investidores, levando em considera\u00e7\u00e3o os ecossistemas marinhos e assegurando benef\u00edcios sociais e econ\u00f4micos para as comunidades costeiras.<\/p>\n<p>Fonte: \u00a0Minist\u00e9rio de Minas e Energia<\/p>\n","protected":false},"excerpt":{"rendered":"<p>O Minist\u00e9rio de Minas e Energia (MME), reabriu at\u00e9 o pr\u00f3ximo dia 1\u00ba de setembro, a consulta p\u00fablica sobre a sele\u00e7\u00e3o de \u00e1reas destinadas \u00e0&#8230;<\/p>\n","protected":false},"author":1527,"featured_media":60767,"comment_status":"closed","ping_status":"closed","sticky":false,"template":"","format":"standard","meta":{"footnotes":""},"categories":[6],"tags":[],"class_list":["post-60766","post","type-post","status-publish","format-standard","has-post-thumbnail","hentry","category-noticias"],"_links":{"self":[{"href":"https:\/\/www.sincomam.org.br\/index.php\/wp-json\/wp\/v2\/posts\/60766","targetHints":{"allow":["GET"]}}],"collection":[{"href":"https:\/\/www.sincomam.org.br\/index.php\/wp-json\/wp\/v2\/posts"}],"about":[{"href":"https:\/\/www.sincomam.org.br\/index.php\/wp-json\/wp\/v2\/types\/post"}],"author":[{"embeddable":true,"href":"https:\/\/www.sincomam.org.br\/index.php\/wp-json\/wp\/v2\/users\/1527"}],"replies":[{"embeddable":true,"href":"https:\/\/www.sincomam.org.br\/index.php\/wp-json\/wp\/v2\/comments?post=60766"}],"version-history":[{"count":1,"href":"https:\/\/www.sincomam.org.br\/index.php\/wp-json\/wp\/v2\/posts\/60766\/revisions"}],"predecessor-version":[{"id":60768,"href":"https:\/\/www.sincomam.org.br\/index.php\/wp-json\/wp\/v2\/posts\/60766\/revisions\/60768"}],"wp:featuredmedia":[{"embeddable":true,"href":"https:\/\/www.sincomam.org.br\/index.php\/wp-json\/wp\/v2\/media\/60767"}],"wp:attachment":[{"href":"https:\/\/www.sincomam.org.br\/index.php\/wp-json\/wp\/v2\/media?parent=60766"}],"wp:term":[{"taxonomy":"category","embeddable":true,"href":"https:\/\/www.sincomam.org.br\/index.php\/wp-json\/wp\/v2\/categories?post=60766"},{"taxonomy":"post_tag","embeddable":true,"href":"https:\/\/www.sincomam.org.br\/index.php\/wp-json\/wp\/v2\/tags?post=60766"}],"curies":[{"name":"wp","href":"https:\/\/api.w.org\/{rel}","templated":true}]}}