{"id":60760,"date":"2025-08-15T11:28:18","date_gmt":"2025-08-15T14:28:18","guid":{"rendered":"https:\/\/www.sincomam.org.br\/?p=60760"},"modified":"2025-08-15T11:28:18","modified_gmt":"2025-08-15T14:28:18","slug":"desemprego-cai-em-18-estados-brasileiros-no-2o-trimestre-de-2025-diz-ibge","status":"publish","type":"post","link":"https:\/\/www.sincomam.org.br\/index.php\/desemprego-cai-em-18-estados-brasileiros-no-2o-trimestre-de-2025-diz-ibge\/","title":{"rendered":"Desemprego cai em 18 estados brasileiros no 2\u00ba trimestre de 2025, diz IBGE"},"content":{"rendered":"<div id=\"chunk-fosss\">\n<div class=\"mc-column content-text active-extra-styles active-capital-letter\" data-block-type=\"unstyled\" data-block-weight=\"37\" data-block-id=\"1\">\n<p class=\" content-text__container theme-color-primary-first-letter\" data-track-category=\"Link no Texto\" data-track-links=\"\" data-mrf-recirculation=\"Mat\u00e9ria - Links no Texto\">A\u00a0taxa de desemprego caiu em 18 estados brasileiros\u00a0no segundo trimestre de 2025, segundo a Pesquisa Nacional por Amostra de Domic\u00edlios (PNAD) Cont\u00ednua Trimestral, divulgada nesta sexta-feira (15) pelo Instituto Brasileiro de Geografia e Estat\u00edstica (IBGE).<\/p>\n<\/div>\n<\/div>\n<div class=\"wall protected-content\">\n<div id=\"chunk-3u42f\">\n<div class=\"mc-column content-text active-extra-styles \" data-block-type=\"unstyled\" data-block-weight=\"25\" data-block-id=\"3\">\n<p class=\" content-text__container \" data-track-category=\"Link no Texto\" data-track-links=\"\" data-mrf-recirculation=\"Mat\u00e9ria - Links no Texto\">Nas outras nove unidades da federa\u00e7\u00e3o (UFs), o \u00edndice ficou est\u00e1vel, com oscila\u00e7\u00f5es menos expressivas na compara\u00e7\u00e3o com o primeiro trimestre do ano.\u00a0Veja abaixo.<\/p>\n<div id=\"chunk-c78j7\">\n<div class=\"mc-column content-text active-extra-styles\" data-block-type=\"raw\" data-block-weight=\"80\" data-block-id=\"4\">\n<ul class=\"content-unordered-list\">\n<li><strong>Tiveram queda na taxa de desemprego:\u00a0<\/strong>Santa Catarina (SC), Goi\u00e1s (GO), Esp\u00edrito Santo (ES), Rio Grande do Sul (RS), Mato Grosso do Sul (MS), S\u00e3o Paulo (SP), Rio de Janeiro (RJ), Cear\u00e1 (CE), Maranh\u00e3o (MA), Alagoas (AL), Amap\u00e1 (AP), Piau\u00ed (PI), Para\u00edba (PB), Minas Gerais (MG), Par\u00e1 (PA), Bahia (BA), Amazonas (AM), Rio Grande do Norte (RN)<\/li>\n<li><strong>Tiveram estabilidade:\u00a0<\/strong>Pernambuco (PE), Distrito Federal (DF), Sergipe (SE), Acre (AC), Roraima (RR), Tocantins (TO), Paran\u00e1 (PR), Mato Grosso (MT), Rond\u00f4nia (RO)<\/li>\n<\/ul>\n<p>As maiores taxas foram de Pernambuco\u00a0(10,4%),\u00a0Bahia\u00a0(9,1%) e\u00a0Distrito Federal\u00a0(8,7%) e as menores, de\u00a0Santa Catarina\u00a0(2,2%),\u00a0Rond\u00f4nia\u00a0(2,3%) e\u00a0Mato Grosso\u00a0(2,8%).<\/p>\n<\/div>\n<\/div>\n<div id=\"chunk-5mt8a\">\n<div class=\"mc-column content-text active-extra-styles \" data-block-type=\"unstyled\" data-block-weight=\"53\" data-block-id=\"6\">\n<p class=\" content-text__container \" data-track-category=\"Link no Texto\" data-track-links=\"\" data-mrf-recirculation=\"Mat\u00e9ria - Links no Texto\">Segundo o IBGE,\u00a0<span class=\"highlight highlighted\">a m\u00e9dia geral do desemprego no Brasil foi de\u00a0<\/span><strong><span class=\"highlight highlighted\">5,8%<\/span><\/strong>, o que representa uma queda em rela\u00e7\u00e3o ao primeiro trimestre, quando a taxa ficou em 7%. Al\u00e9m disso, o resultado divulgado hoje foi a\u00a0<span class=\"highlight highlighted\">menor taxa para o per\u00edodo desde que o IBGE come\u00e7ou a calcular o \u00edndice, em 2012<\/span>.<\/p>\n<\/div>\n<\/div>\n<div id=\"chunk-fkd2d\">\n<div class=\"content-ads content-ads--reveal\" data-block-type=\"ads\" data-block-id=\"7\">\n<div id=\"banner_materia2\" class=\"tag-manager-publicidade-container tag-manager-publicidade-banner_materia2 tag-manager-publicidade-container--carregado tag-manager-publicidade-container--visivel\" data-google-query-id=\"CKmPxeKCjY8DFdZXuAQdfcojrw\">\n<div id=\"chunk-f7ba9\">\n<div class=\"mc-column content-text active-extra-styles \" data-block-type=\"unstyled\" data-block-weight=\"17\" data-block-id=\"10\">\n<p class=\" content-text__container \" data-track-category=\"Link no Texto\" data-track-links=\"\" data-mrf-recirculation=\"Mat\u00e9ria - Links no Texto\">Segundo ele, isso explica o aumento do emprego formal e a redu\u00e7\u00e3o da informalidade no pa\u00eds.<\/p>\n<\/div>\n<\/div>\n<div id=\"chunk-4724b\">\n<div class=\"mc-column content-text active-extra-styles\" data-block-type=\"raw\" data-block-weight=\"7\" data-block-id=\"11\">\n<p class=\"content-text__container\" data-mrf-recirculation=\"Mat\u00e9ria - Links no Texto\"><strong>Menor escolaridade concentra maior taxa de desemprego<\/strong><\/p>\n<p>A pesquisa do IBGE divulgada nesta sexta-feira tamb\u00e9m compara os n\u00edveis de desemprego segundo g\u00eanero, cor ou ra\u00e7a e n\u00edvel de escolaridade.<\/p>\n<\/div>\n<\/div>\n<div id=\"chunk-f1j1t\">\n<div class=\"mc-column content-text active-extra-styles\" data-block-type=\"raw\" data-block-weight=\"89\" data-block-id=\"13\">\n<ul class=\"content-unordered-list\">\n<li>Na s\u00e9rie hist\u00f3rica, o desemprego foi mais alto entre quem\u00a0<strong>n\u00e3o concluiu o ensino m\u00e9dio<\/strong>, chegando a\u00a0<strong>22,7%<\/strong>\u00a0no 2\u00ba trimestre de 2021.<\/li>\n<li>A taxa de desocupa\u00e7\u00e3o foi de\u00a0<strong>4,8% para os homens e 6,9% para as mulheres<\/strong>\u00a0no segundo trimestre de 2025.<\/li>\n<li>Por cor ou ra\u00e7a, o \u00edndice ficou abaixo da m\u00e9dia nacional entre os\u00a0<strong>brancos (4,8%)<\/strong>\u00a0e acima entre\u00a0<strong>pretos (7,0%)<\/strong>\u00a0e\u00a0<strong>pardos (6,4%)<\/strong>.<\/li>\n<li>Entre quem tem n\u00edvel\u00a0<strong>superior incompleto<\/strong>, a taxa alcan\u00e7ou\u00a0<strong>5,9%<\/strong>, quase o dobro da observada entre os que\u00a0<strong>conclu\u00edram o n\u00edvel superior<\/strong>\u00a0<strong>(3,2%)<\/strong>.<\/li>\n<\/ul>\n<p><strong>Redu\u00e7\u00e3o no tempo de busca por emprego<\/strong><\/p>\n<\/div>\n<\/div>\n<div id=\"chunk-fm633\">\n<div class=\"mc-column content-text active-extra-styles\" data-block-type=\"raw\" data-block-weight=\"7\" data-block-id=\"14\">\n<div class=\"content-intertitle\">\n<div id=\"chunk-fasjq\">\n<div class=\"mc-column content-text active-extra-styles \" data-block-type=\"unstyled\" data-block-weight=\"28\" data-block-id=\"16\">\n<p class=\" content-text__container \" data-track-category=\"Link no Texto\" data-track-links=\"\" data-mrf-recirculation=\"Mat\u00e9ria - Links no Texto\">No segundo trimestre de 2025, menos pessoas estavam desempregadas em todas as categorias de tempo que elas levam para procurar trabalho, se comparado ao mesmo per\u00edodo de 2024.<\/p>\n<\/div>\n<\/div>\n<div id=\"chunk-1k5rr\">\n<div class=\"mc-column content-text active-extra-styles \" data-block-type=\"unstyled\" data-block-weight=\"23\" data-block-id=\"17\">\n<p class=\" content-text__container \" data-track-category=\"Link no Texto\" data-track-links=\"\" data-mrf-recirculation=\"Mat\u00e9ria - Links no Texto\">Algumas faixas de tempo registraram os menores n\u00fameros j\u00e1 vistos para um segundo trimestre desde 2012, mostrando melhora hist\u00f3rica no mercado de trabalho.<\/p>\n<\/div>\n<\/div>\n<div id=\"chunk-ak018\">\n<div class=\"mc-column content-text active-extra-styles \" data-block-type=\"unstyled\" data-block-weight=\"4\" data-block-id=\"18\">\n<p class=\" content-text__container \" data-track-category=\"Link no Texto\" data-track-links=\"\" data-mrf-recirculation=\"Mat\u00e9ria - Links no Texto\">As exce\u00e7\u00f5es foram:<\/p>\n<\/div>\n<\/div>\n<div id=\"chunk-60ce0\">\n<div class=\"mc-column content-text active-extra-styles\" data-block-type=\"raw\" data-block-weight=\"46\" data-block-id=\"19\">\n<ul class=\"content-unordered-list\">\n<li>Pessoas que\u00a0<strong>procuram emprego h\u00e1 menos de um m\u00eas<\/strong>: o n\u00famero caiu, mas o menor registro anterior havia sido em 2016.<\/li>\n<li>Pessoas que buscam trabalho\u00a0<strong>h\u00e1 2 anos ou mais<\/strong>: ainda eram 1,3 milh\u00e3o, mas esse n\u00famero caiu 23,6% em rela\u00e7\u00e3o ao mesmo per\u00edodo de 2024.<\/li>\n<\/ul>\n<p>Maranh\u00e3o registra a maior propor\u00e7\u00e3o de desalentados e informais; Santa Catarina, a menor<\/p>\n<\/div>\n<\/div>\n<div id=\"chunk-2id6h\">\n<div class=\"mc-column content-text active-extra-styles\" data-block-type=\"raw\" data-block-weight=\"13\" data-block-id=\"20\">\n<p>O percentual de desalentados\u00a0\u2014 pessoas que gostariam de trabalhar, mas desistiram de procurar emprego \u2014 no pa\u00eds chegou a 2,5% no segundo trimestre de 2025.<\/p>\n<\/div>\n<\/div>\n<div id=\"chunk-d4i24\">\n<div class=\"mc-column content-text active-extra-styles \" data-block-type=\"unstyled\" data-block-weight=\"44\" data-block-id=\"22\">\n<p class=\" content-text__container \" data-track-category=\"Link no Texto\" data-track-links=\"\" data-mrf-recirculation=\"Mat\u00e9ria - Links no Texto\">Maranh\u00e3o (9,3%), Piau\u00ed (7,1%) e Alagoas (6,9%) tinham os maiores percentuais, enquanto os menores estavam em Santa Catarina (0,3%) e Mato Grosso do Sul (0,8%). A seguir, vinham Esp\u00edrito Santo, Goi\u00e1s, Mato Grosso, Rio Grande do Sul e S\u00e3o Paulo (os cinco com 0,9%).<\/p>\n<\/div>\n<\/div>\n<div id=\"chunk-bledd\">\n<div class=\"mc-column content-text active-extra-styles \" data-block-type=\"unstyled\" data-block-weight=\"19\" data-block-id=\"23\">\n<p class=\" content-text__container \" data-track-category=\"Link no Texto\" data-track-links=\"\" data-mrf-recirculation=\"Mat\u00e9ria - Links no Texto\">J\u00e1 a taxa de\u00a0informalidade, ou seja, trabalhadores sem carteira assinada, foi de 37,8% da popula\u00e7\u00e3o ocupada no pa\u00eds.<\/p>\n<div id=\"chunk-1o9en\">\n<div class=\"mc-column content-text active-extra-styles \" data-block-type=\"unstyled\" data-block-weight=\"26\" data-block-id=\"25\">\n<p class=\" content-text__container \" data-track-category=\"Link no Texto\" data-track-links=\"\" data-mrf-recirculation=\"Mat\u00e9ria - Links no Texto\">As maiores taxas ficaram com Maranh\u00e3o (56,2%), Par\u00e1 (55,9%) e Bahia (52,3%) e as menores, com Santa Catarina (24,7%), Distrito Federal (28,4%) e S\u00e3o Paulo (29,2%).<\/p>\n<\/div>\n<\/div>\n<div id=\"chunk-982tn\">\n<div class=\"mc-column content-text active-extra-styles \" data-block-type=\"unstyled\" data-block-weight=\"34\" data-block-id=\"26\">\n<p class=\" content-text__container \" data-track-category=\"Link no Texto\" data-track-links=\"\" data-mrf-recirculation=\"Mat\u00e9ria - Links no Texto\">Segundo William Ara\u00fajo, Santa Catarina, onde os \u00edndices eram os menores, \u00e9 a unidade da federa\u00e7\u00e3o com a maior participa\u00e7\u00e3o na ind\u00fastria, com 23% da popula\u00e7\u00e3o ocupada no setor, o maior percentual do pa\u00eds.<\/p>\n<\/div>\n<\/div>\n<div id=\"chunk-4o7ds\">\n<div class=\"row medium-uncollapsed content-media content-photo\" data-block-type=\"backstage-photo\" data-block-id=\"27\">\n<div class=\" mc-column  content-media__container\">\n<div class=\"content-media-container glb-skeleton-box\">Fonte: G1<\/div>\n<\/div>\n<\/div>\n<\/div>\n<\/div>\n<\/div>\n<div id=\"chunk-3m0rh\">\n<div class=\"content-ads content-ads--reveal\" data-block-type=\"ads\" data-block-id=\"24\">\n<div id=\"banner_materia__72fa85d0-ca20-4246-9792-03f4fc0cf931\" class=\"tag-manager-publicidade-container tag-manager-publicidade-banner_materia__72fa85d0-ca20-4246-9792-03f4fc0cf931 tag-manager-publicidade-container--carregado tag-manager-publicidade-container--visivel\" data-google-query-id=\"CPb6_eqCjY8DFXFNuAQd8L8SiQ\"><\/div>\n<\/div>\n<\/div>\n<\/div>\n<\/div>\n<\/div>\n<\/div>\n<\/div>\n<\/div>\n<\/div>\n<\/div>\n<\/div>\n","protected":false},"excerpt":{"rendered":"<p>A\u00a0taxa de desemprego caiu em 18 estados brasileiros\u00a0no segundo trimestre de 2025, segundo a Pesquisa Nacional por Amostra de Domic\u00edlios (PNAD) Cont\u00ednua Trimestral, divulgada nesta&#8230;<\/p>\n","protected":false},"author":1527,"featured_media":60761,"comment_status":"closed","ping_status":"closed","sticky":false,"template":"","format":"standard","meta":{"footnotes":""},"categories":[6],"tags":[],"class_list":["post-60760","post","type-post","status-publish","format-standard","has-post-thumbnail","hentry","category-noticias"],"_links":{"self":[{"href":"https:\/\/www.sincomam.org.br\/index.php\/wp-json\/wp\/v2\/posts\/60760","targetHints":{"allow":["GET"]}}],"collection":[{"href":"https:\/\/www.sincomam.org.br\/index.php\/wp-json\/wp\/v2\/posts"}],"about":[{"href":"https:\/\/www.sincomam.org.br\/index.php\/wp-json\/wp\/v2\/types\/post"}],"author":[{"embeddable":true,"href":"https:\/\/www.sincomam.org.br\/index.php\/wp-json\/wp\/v2\/users\/1527"}],"replies":[{"embeddable":true,"href":"https:\/\/www.sincomam.org.br\/index.php\/wp-json\/wp\/v2\/comments?post=60760"}],"version-history":[{"count":1,"href":"https:\/\/www.sincomam.org.br\/index.php\/wp-json\/wp\/v2\/posts\/60760\/revisions"}],"predecessor-version":[{"id":60762,"href":"https:\/\/www.sincomam.org.br\/index.php\/wp-json\/wp\/v2\/posts\/60760\/revisions\/60762"}],"wp:featuredmedia":[{"embeddable":true,"href":"https:\/\/www.sincomam.org.br\/index.php\/wp-json\/wp\/v2\/media\/60761"}],"wp:attachment":[{"href":"https:\/\/www.sincomam.org.br\/index.php\/wp-json\/wp\/v2\/media?parent=60760"}],"wp:term":[{"taxonomy":"category","embeddable":true,"href":"https:\/\/www.sincomam.org.br\/index.php\/wp-json\/wp\/v2\/categories?post=60760"},{"taxonomy":"post_tag","embeddable":true,"href":"https:\/\/www.sincomam.org.br\/index.php\/wp-json\/wp\/v2\/tags?post=60760"}],"curies":[{"name":"wp","href":"https:\/\/api.w.org\/{rel}","templated":true}]}}