{"id":60754,"date":"2025-08-15T11:08:55","date_gmt":"2025-08-15T14:08:55","guid":{"rendered":"https:\/\/www.sincomam.org.br\/?p=60754"},"modified":"2025-08-15T11:08:55","modified_gmt":"2025-08-15T14:08:55","slug":"cidade-portuaria-registra-crescimento-economico-acima-da-media-nacional","status":"publish","type":"post","link":"https:\/\/www.sincomam.org.br\/index.php\/cidade-portuaria-registra-crescimento-economico-acima-da-media-nacional\/","title":{"rendered":"Cidade portu\u00e1ria registra crescimento econ\u00f4mico acima da m\u00e9dia nacional"},"content":{"rendered":"<p>\u00c0s v\u00e9speras de completar 63 anos de emancipa\u00e7\u00e3o pol\u00edtica, no m\u00eas de agosto, a cidade de Navegantes comemora um per\u00edodo de crescimento econ\u00f4mico transformador. Sob a gest\u00e3o do prefeito Libardoni Lauro Claudino Fronza, o Liba, o munic\u00edpio tem apresentado resultados que superam a m\u00e9dia nacional, impulsionado por investimentos p\u00fablicos e privados, moderniza\u00e7\u00e3o da gest\u00e3o e um ambiente de neg\u00f3cios atrativo.<\/p>\n<p>Segundo o prefeito, Navegantes cresceu mais de 100% nos \u00faltimos quatro anos, alavancada por pol\u00edticas de desburocratiza\u00e7\u00e3o, seguran\u00e7a jur\u00eddica e di\u00e1logo com o setor produtivo. \u201cO crescimento econ\u00f4mico da cidade tem sido exponencial. Temos trabalhado para facilitar a vida de quem quer empreender, mostrando o potencial da cidade e oferecendo confian\u00e7a a quem decide investir aqui\u201d, afirma Liba.<\/p>\n<p><strong>Log\u00edstica e constru\u00e7\u00e3o civil como vetores<\/strong><\/p>\n<p>A localiza\u00e7\u00e3o estrat\u00e9gica e a for\u00e7a da atividade portu\u00e1ria, com destaque para a atua\u00e7\u00e3o da Portonave, continuam sendo pilares do desenvolvimento local. No entanto, Liba observa uma diversifica\u00e7\u00e3o importante na economia. \u201cO porto foi a base, mas hoje outras atividades tamb\u00e9m ganham destaque, como a constru\u00e7\u00e3o civil, que vem suprindo o d\u00e9ficit habitacional e abrigando novos empreendimentos log\u00edsticos\u201d, cita.<\/p>\n<p>A cria\u00e7\u00e3o de galp\u00f5es e condom\u00ednios log\u00edsticos fortalece ainda mais o papel de Navegantes como um polo de distribui\u00e7\u00e3o regional. Esse movimento acaba impulsionando, em cadeia, setores como com\u00e9rcio e servi\u00e7os, que acompanham o ritmo de expans\u00e3o com novos restaurantes, lojas, academias e espa\u00e7os voltados \u00e0 qualidade de vida da popula\u00e7\u00e3o.<\/p>\n<p>Com o crescimento econ\u00f4mico, vem tamb\u00e9m o aumento na gera\u00e7\u00e3o de empregos. \u201cIsso reflete diretamente na renda dos nossos cidad\u00e3os, na valoriza\u00e7\u00e3o da m\u00e3o de obra local e nos novos h\u00e1bitos de consumo que est\u00e3o se consolidando em Navegantes\u201d, comenta o prefeito.<\/p>\n<p><strong>Infraestrutura e desenvolvimento urbano<\/strong><\/p>\n<p>Outro motor dessa transforma\u00e7\u00e3o \u00e9 o programa Avan\u00e7a Mais Navega, um pacote de obras e projetos que destina R$ 150 milh\u00f5es para investimentos nos pr\u00f3ximos dois anos. O foco, segundo Liba, \u00e9 desenvolver. \u201cQueremos que esse crescimento seja sustent\u00e1vel e gere melhorias reais na vida das pessoas. Por isso, investimos em sa\u00fade, educa\u00e7\u00e3o, mobilidade urbana, infraestrutura, esporte e turismo.\u201d<\/p>\n<p>A reformula\u00e7\u00e3o do plano diretor e o aumento do potencial construtivo da cidade tamb\u00e9m contribu\u00edram para atrair empresas e destravar novos empreendimentos. \u201cDesburocratizar e garantir seguran\u00e7a jur\u00eddica tem sido fundamental para que o setor privado confie em Navegantes como destino de investimentos\u201d, complementa o prefeito.<\/p>\n<p>Com uma infraestrutura portu\u00e1ria reconhecida e uma localiza\u00e7\u00e3o privilegiada, Navegantes j\u00e1 se consolida como um polo log\u00edstico regional \u2014 e se prepara para ser um polo log\u00edstico nacional. No entanto, Liba ressalta que a evolu\u00e7\u00e3o depende tamb\u00e9m de fatores externos. \u201cEstamos atentos \u00e0 reforma tribut\u00e1ria. Se o cen\u00e1rio permitir, Navegantes tem tudo para liderar ainda mais nesse setor.\u201d<\/p>\n<p> Fonte: Informativo dos Portos<\/p>\n","protected":false},"excerpt":{"rendered":"<p>\u00c0s v\u00e9speras de completar 63 anos de emancipa\u00e7\u00e3o pol\u00edtica, no m\u00eas de agosto, a cidade de Navegantes comemora um per\u00edodo de crescimento econ\u00f4mico transformador. Sob&#8230;<\/p>\n","protected":false},"author":1527,"featured_media":60755,"comment_status":"closed","ping_status":"closed","sticky":false,"template":"","format":"standard","meta":{"footnotes":""},"categories":[6],"tags":[],"class_list":["post-60754","post","type-post","status-publish","format-standard","has-post-thumbnail","hentry","category-noticias"],"_links":{"self":[{"href":"https:\/\/www.sincomam.org.br\/index.php\/wp-json\/wp\/v2\/posts\/60754","targetHints":{"allow":["GET"]}}],"collection":[{"href":"https:\/\/www.sincomam.org.br\/index.php\/wp-json\/wp\/v2\/posts"}],"about":[{"href":"https:\/\/www.sincomam.org.br\/index.php\/wp-json\/wp\/v2\/types\/post"}],"author":[{"embeddable":true,"href":"https:\/\/www.sincomam.org.br\/index.php\/wp-json\/wp\/v2\/users\/1527"}],"replies":[{"embeddable":true,"href":"https:\/\/www.sincomam.org.br\/index.php\/wp-json\/wp\/v2\/comments?post=60754"}],"version-history":[{"count":1,"href":"https:\/\/www.sincomam.org.br\/index.php\/wp-json\/wp\/v2\/posts\/60754\/revisions"}],"predecessor-version":[{"id":60756,"href":"https:\/\/www.sincomam.org.br\/index.php\/wp-json\/wp\/v2\/posts\/60754\/revisions\/60756"}],"wp:featuredmedia":[{"embeddable":true,"href":"https:\/\/www.sincomam.org.br\/index.php\/wp-json\/wp\/v2\/media\/60755"}],"wp:attachment":[{"href":"https:\/\/www.sincomam.org.br\/index.php\/wp-json\/wp\/v2\/media?parent=60754"}],"wp:term":[{"taxonomy":"category","embeddable":true,"href":"https:\/\/www.sincomam.org.br\/index.php\/wp-json\/wp\/v2\/categories?post=60754"},{"taxonomy":"post_tag","embeddable":true,"href":"https:\/\/www.sincomam.org.br\/index.php\/wp-json\/wp\/v2\/tags?post=60754"}],"curies":[{"name":"wp","href":"https:\/\/api.w.org\/{rel}","templated":true}]}}