{"id":60751,"date":"2025-08-15T11:07:35","date_gmt":"2025-08-15T14:07:35","guid":{"rendered":"https:\/\/www.sincomam.org.br\/?p=60751"},"modified":"2025-08-15T11:07:35","modified_gmt":"2025-08-15T14:07:35","slug":"projeto-de-requalificacao-do-terminal-maritimo-do-porto-do-recife-recebe-aval-do-tcu","status":"publish","type":"post","link":"https:\/\/www.sincomam.org.br\/index.php\/projeto-de-requalificacao-do-terminal-maritimo-do-porto-do-recife-recebe-aval-do-tcu\/","title":{"rendered":"Projeto de requalifica\u00e7\u00e3o do terminal mar\u00edtimo do Porto do Recife recebe aval do TCU"},"content":{"rendered":"<p>O Tribunal de Contas da Uni\u00e3o (TCU) autorizou o projeto de moderniza\u00e7\u00e3o do Terminal Mar\u00edtimo de Passageiros (TMP) do Porto do Recife, em Pernambuco, avaliado em R$ 10 milh\u00f5es. A previs\u00e3o \u00e9 que o edital para o leil\u00e3o seja lan\u00e7ado ainda no segundo semestre deste ano. O an\u00fancio foi feito pelo ministro de Portos e Aeroportos, Silvio Costa Filho, durante reuni\u00e3o com o ministro do TCU, Augusto Nardes, na \u00faltima sexta-feira (8). A moderniza\u00e7\u00e3o tem como objetivo transformar o terminal em um espa\u00e7o mais confort\u00e1vel, acess\u00edvel e seguro para turistas e trabalhadores do setor portu\u00e1rio e tur\u00edstico.<\/p>\n<p>Para Costa Filho, esse \u00e9 um grande ganho para o estado e para os viajantes que desembarcam no porto. \u201cO terminal de passageiros do Porto do Recife \u00e9 uma das principais portas de entrada do turismo internacional do nosso estado. Com a requalifica\u00e7\u00e3o, vamos potencializar a movimenta\u00e7\u00e3o de cruzeiros, atraindo mais turistas estrangeiros e nacionais, fortalecendo a economia e a cadeia produtiva do turismo\u201d. A interven\u00e7\u00e3o dever\u00e1 elevar a capacidade anual do terminal de 30 mil para 50 mil passageiros, um crescimento superior a 60%.<\/p>\n<p>O ministro do TCU, Augusto Nardes, destacou a relev\u00e2ncia da requalifica\u00e7\u00e3o para o desenvolvimento regional. \u201cEssa obra vai ter um impacto positivo para Recife e Pernambuco. Vejo nessa requalifica\u00e7\u00e3o uma grande oportunidade para aumentar a movimenta\u00e7\u00e3o de passageiros, dinamizar a economia e gerar emprego e renda para a regi\u00e3o.\u201d<\/p>\n<p>O projeto prev\u00ea uma reforma ampla, com atualiza\u00e7\u00e3o do mobili\u00e1rio e equipamentos para garantir mais conforto, seguran\u00e7a e funcionalidade. As melhorias incluem a renova\u00e7\u00e3o das \u00e1reas de espera e atendimento, cria\u00e7\u00e3o de espa\u00e7os administrativos adequados, atualiza\u00e7\u00e3o dos sistemas de seguran\u00e7a e refor\u00e7o na climatiza\u00e7\u00e3o para maior conforto t\u00e9rmico. A infraestrutura de embarque e desembarque ser\u00e1 adaptada para acessibilidade universal, com ambientes mais funcionais. A interven\u00e7\u00e3o abranger\u00e1 uma \u00e1rea total de 15.325,87 m\u00b2, incluindo o Armaz\u00e9m 7, a Sala Pernambuco e o estacionamento.<\/p>\n<p>O contrato de arrendamento ter\u00e1 dura\u00e7\u00e3o de 25 anos (2025\u20132049), definido pelo maior valor de outorga e remunera\u00e7\u00e3o 100% fixa, paga em seis parcelas. Al\u00e9m disso, o arrendat\u00e1rio ser\u00e1 respons\u00e1vel por investimentos adicionais para manter e aprimorar a infraestrutura do terminal ao longo do per\u00edodo.<\/p>\n<p> Fonte: Informativo dos Portos<\/p>\n","protected":false},"excerpt":{"rendered":"<p>O Tribunal de Contas da Uni\u00e3o (TCU) autorizou o projeto de moderniza\u00e7\u00e3o do Terminal Mar\u00edtimo de Passageiros (TMP) do Porto do Recife, em Pernambuco, avaliado&#8230;<\/p>\n","protected":false},"author":1527,"featured_media":60752,"comment_status":"closed","ping_status":"closed","sticky":false,"template":"","format":"standard","meta":{"footnotes":""},"categories":[6],"tags":[],"class_list":["post-60751","post","type-post","status-publish","format-standard","has-post-thumbnail","hentry","category-noticias"],"_links":{"self":[{"href":"https:\/\/www.sincomam.org.br\/index.php\/wp-json\/wp\/v2\/posts\/60751","targetHints":{"allow":["GET"]}}],"collection":[{"href":"https:\/\/www.sincomam.org.br\/index.php\/wp-json\/wp\/v2\/posts"}],"about":[{"href":"https:\/\/www.sincomam.org.br\/index.php\/wp-json\/wp\/v2\/types\/post"}],"author":[{"embeddable":true,"href":"https:\/\/www.sincomam.org.br\/index.php\/wp-json\/wp\/v2\/users\/1527"}],"replies":[{"embeddable":true,"href":"https:\/\/www.sincomam.org.br\/index.php\/wp-json\/wp\/v2\/comments?post=60751"}],"version-history":[{"count":1,"href":"https:\/\/www.sincomam.org.br\/index.php\/wp-json\/wp\/v2\/posts\/60751\/revisions"}],"predecessor-version":[{"id":60753,"href":"https:\/\/www.sincomam.org.br\/index.php\/wp-json\/wp\/v2\/posts\/60751\/revisions\/60753"}],"wp:featuredmedia":[{"embeddable":true,"href":"https:\/\/www.sincomam.org.br\/index.php\/wp-json\/wp\/v2\/media\/60752"}],"wp:attachment":[{"href":"https:\/\/www.sincomam.org.br\/index.php\/wp-json\/wp\/v2\/media?parent=60751"}],"wp:term":[{"taxonomy":"category","embeddable":true,"href":"https:\/\/www.sincomam.org.br\/index.php\/wp-json\/wp\/v2\/categories?post=60751"},{"taxonomy":"post_tag","embeddable":true,"href":"https:\/\/www.sincomam.org.br\/index.php\/wp-json\/wp\/v2\/tags?post=60751"}],"curies":[{"name":"wp","href":"https:\/\/api.w.org\/{rel}","templated":true}]}}