{"id":6074,"date":"2014-06-13T08:00:17","date_gmt":"2014-06-13T11:00:17","guid":{"rendered":"http:\/\/www.sincomam.org.br\/?p=6074"},"modified":"2014-06-12T22:46:24","modified_gmt":"2014-06-13T01:46:24","slug":"transporte-de-conteineres-deve-crescer-menos-no-pais","status":"publish","type":"post","link":"https:\/\/www.sincomam.org.br\/index.php\/transporte-de-conteineres-deve-crescer-menos-no-pais\/","title":{"rendered":"Transporte de cont\u00eaineres deve crescer menos no pa\u00eds"},"content":{"rendered":"<p>O transporte internacional de cont\u00eaineres com o Brasil deve crescer menos do que o esperado neste ano, devido \u00e0 desacelera\u00e7\u00e3o do consumo e \u00e0 instabilidade gerada por eventos como greves. A conclus\u00e3o \u00e9 da Maersk Line, maior armador do mundo, que reviu para baixo o crescimento do setor no Brasil em 2014: de originais 5% a 6% para 4%.<\/p>\n<p>&#8220;Nossos clientes est\u00e3o indicando que o consumo est\u00e1 abaixo do esperado. Existe uma sensa\u00e7\u00e3o de que as coisas n\u00e3o est\u00e3o bem&#8221;, afirmou Mario Veraldo, chefe de vendas da Maersk Line Brasil, incluindo na lista de preocupa\u00e7\u00f5es um poss\u00edvel racionamento de energia.<\/p>\n<p>O arrefecimento na demanda, movimento que surpreendeu o setor em ano de Copa do Mundo no Brasil, fez a ind\u00fastria mar\u00edtima suspender um aumento de capacidade para o segundo semestre. Nove armadores de longo curso, entre os quais a Maersk Line, deixar\u00e3o de colocar capacidade adicional em um servi\u00e7o compartilhado no tr\u00e1fego entre \u00c1sia e Brasil, um dos mais pulsantes do com\u00e9rcio exterior brasileiro.<\/p>\n<p>Tradicionalmente a rota recebe um aumento de espa\u00e7o para cont\u00eaineres da ordem de 20% no segundo semestre devido ao pico dos embarques. De acordo com Veraldo, este ano \u00e9 at\u00edpico e o pico de volumes parece ter sido pulverizado ao longo do ano. &#8220;Deve haver algum aumento de volume na segunda metade do ano, mas que ser\u00e1 abarcado pela capacidade ociosa que existe hoje nos navios.&#8221;<\/p>\n<p>No primeiro trimestre do ano, o fluxo do com\u00e9rcio exterior brasileiro em cont\u00eaineres via mar\u00edtima cresceu 4,1% sobre o mesmo per\u00edodo de 2013, rescaldo da curva de crescimento do fim de 2013 e que perdeu for\u00e7a no restante do semestre.<\/p>\n<p>A Maersk Line completou recentemente investimento de US$ 2,2 bilh\u00f5es em 16 embarca\u00e7\u00f5es encomendadas para os tr\u00e1fegos que envolvem o Brasil. Maior transportadora de cont\u00eaineres do mundo, a companhia responde por 15% da movimenta\u00e7\u00e3o mar\u00edtima de cont\u00eaineres na Am\u00e9rica Latina.<\/p>\n<p>H\u00e1 alguns meses a empresa se prepara para minimizar impactos devido \u00e0s paradas de opera\u00e7\u00f5es durante os jogos do Brasil na Copa do Mundo. Os portos nacionais v\u00e3o suspender as atividades por duas horas durante cada jogo da sele\u00e7\u00e3o. &#8220;J\u00e1 nos organizamos quanto ao gerenciamento de nossas opera\u00e7\u00f5es&#8221;, afirmou Peter Gyde, diretor-geral da Maersk Line no Brasil, em relat\u00f3rio da empresa.<\/p>\n<p>Fonte: Valor Econ\u00f4micoFernanda Pires | De Santos<\/p>\n","protected":false},"excerpt":{"rendered":"<p>O transporte internacional de cont\u00eaineres com o Brasil deve crescer menos do que o esperado neste ano, devido \u00e0 desacelera\u00e7\u00e3o do consumo e \u00e0 instabilidade&#8230;<\/p>\n","protected":false},"author":1182,"featured_media":3600,"comment_status":"closed","ping_status":"closed","sticky":false,"template":"","format":"standard","meta":{"footnotes":""},"categories":[6],"tags":[],"class_list":["post-6074","post","type-post","status-publish","format-standard","has-post-thumbnail","hentry","category-noticias"],"_links":{"self":[{"href":"https:\/\/www.sincomam.org.br\/index.php\/wp-json\/wp\/v2\/posts\/6074","targetHints":{"allow":["GET"]}}],"collection":[{"href":"https:\/\/www.sincomam.org.br\/index.php\/wp-json\/wp\/v2\/posts"}],"about":[{"href":"https:\/\/www.sincomam.org.br\/index.php\/wp-json\/wp\/v2\/types\/post"}],"author":[{"embeddable":true,"href":"https:\/\/www.sincomam.org.br\/index.php\/wp-json\/wp\/v2\/users\/1182"}],"replies":[{"embeddable":true,"href":"https:\/\/www.sincomam.org.br\/index.php\/wp-json\/wp\/v2\/comments?post=6074"}],"version-history":[{"count":1,"href":"https:\/\/www.sincomam.org.br\/index.php\/wp-json\/wp\/v2\/posts\/6074\/revisions"}],"predecessor-version":[{"id":6075,"href":"https:\/\/www.sincomam.org.br\/index.php\/wp-json\/wp\/v2\/posts\/6074\/revisions\/6075"}],"wp:featuredmedia":[{"embeddable":true,"href":"https:\/\/www.sincomam.org.br\/index.php\/wp-json\/wp\/v2\/media\/3600"}],"wp:attachment":[{"href":"https:\/\/www.sincomam.org.br\/index.php\/wp-json\/wp\/v2\/media?parent=6074"}],"wp:term":[{"taxonomy":"category","embeddable":true,"href":"https:\/\/www.sincomam.org.br\/index.php\/wp-json\/wp\/v2\/categories?post=6074"},{"taxonomy":"post_tag","embeddable":true,"href":"https:\/\/www.sincomam.org.br\/index.php\/wp-json\/wp\/v2\/tags?post=6074"}],"curies":[{"name":"wp","href":"https:\/\/api.w.org\/{rel}","templated":true}]}}