{"id":60736,"date":"2025-08-14T12:53:52","date_gmt":"2025-08-14T15:53:52","guid":{"rendered":"https:\/\/www.sincomam.org.br\/?p=60736"},"modified":"2025-08-14T12:53:52","modified_gmt":"2025-08-14T15:53:52","slug":"amazul-completa-12-anos-com-avancos-estrategicos-no-setor-nuclear-brasileiro","status":"publish","type":"post","link":"https:\/\/www.sincomam.org.br\/index.php\/amazul-completa-12-anos-com-avancos-estrategicos-no-setor-nuclear-brasileiro\/","title":{"rendered":"AMAZUL completa 12 anos com avan\u00e7os estrat\u00e9gicos no setor nuclear brasileiro"},"content":{"rendered":"<p>Em 12 anos de trajet\u00f3ria, a Amaz\u00f4nia Azul Tecnologias de Defesa S.A. (AMAZUL) consolidou-se como protagonista no setor nuclear brasileiro, liderando projetos estrat\u00e9gicos que unem inova\u00e7\u00e3o, soberania e desenvolvimento sustent\u00e1vel. Em cerim\u00f4nia comemorativa, a empresa destacou avan\u00e7os que v\u00e3o desde microrreatores modulares e programas de irradia\u00e7\u00e3o de alimentos at\u00e9 o fortalecimento do Programa Nuclear da Marinha e parcerias acad\u00eamicas de alto n\u00edvel.<\/p>\n<p><strong>Principais projetos estrat\u00e9gicos liderados pela AMAZUL<\/strong><br \/>\nAo longo do \u00faltimo ano, a AMAZUL ampliou sua participa\u00e7\u00e3o em iniciativas de alto impacto tecnol\u00f3gico. No campo da gera\u00e7\u00e3o el\u00e9trica, a empresa integra o projeto de desenvolvimento de microrreatores nucleares modulares, coordenado pelo Minist\u00e9rio da Ci\u00eancia, Tecnologia e Inova\u00e7\u00e3o (MCTI). Esses sistemas transport\u00e1veis oferecem solu\u00e7\u00f5es seguras e sustent\u00e1veis para o abastecimento de pequenas cidades, ind\u00fastrias e regi\u00f5es isoladas.<\/p>\n<p>Outro marco foi o avan\u00e7o na Unidade de Produ\u00e7\u00e3o de Hexafluoreto de Ur\u00e2nio (USEXA), instalada no Centro Industrial Nuclear de Aramar (CINA), que permitir\u00e1 ao Brasil dominar todas as etapas do ciclo do combust\u00edvel nuclear. Al\u00e9m disso, a AMAZUL presta apoio t\u00e9cnico fundamental ao Reator Multiprop\u00f3sito Brasileiro (RMB), que ser\u00e1 refer\u00eancia nacional e internacional em aplica\u00e7\u00f5es nucleares para sa\u00fade, agricultura e meio ambiente.<\/p>\n<p><strong>Impactos para a sociedade e a economia brasileira<\/strong><br \/>\nOs resultados dos projetos conduzidos pela AMAZUL reverberam diretamente na vida da popula\u00e7\u00e3o. A tecnologia de irradia\u00e7\u00e3o de alimentos, por exemplo, prolonga a vida \u00fatil dos produtos, reduzindo desperd\u00edcios e aumentando a seguran\u00e7a alimentar. No campo energ\u00e9tico, os microrreatores e Pequenos Reatores Modulares (SMRs) contribuem para a descarboniza\u00e7\u00e3o da matriz el\u00e9trica, reduzindo a depend\u00eancia de combust\u00edveis f\u00f3sseis.<\/p>\n<p>Al\u00e9m disso, a atua\u00e7\u00e3o no Programa Nuclear da Marinha e no PROSUB fortalece a soberania nacional e a ind\u00fastria de defesa, gerando empregos qualificados e impulsionando a cadeia produtiva. A AMAZUL tamb\u00e9m fomenta a transfer\u00eancia de conhecimento para institui\u00e7\u00f5es brasileiras, garantindo autonomia tecnol\u00f3gica estrat\u00e9gica.<\/p>\n<p><strong>Parcerias, educa\u00e7\u00e3o e inova\u00e7\u00e3o cont\u00ednua<\/strong><br \/>\nO ano foi marcado por novas parcerias com institui\u00e7\u00f5es de prest\u00edgio, como UNICAMP, INSPER e empresas l\u00edderes como Tractebel e Framatome, ampliando a capacidade de pesquisa e desenvolvimento. A empresa investiu ainda em a\u00e7\u00f5es educativas, como as anima\u00e7\u00f5es da \u201cTurma da Ur\u00e2nia\u201d, que explicam de forma l\u00fadica e acess\u00edvel o papel da energia nuclear e as diferen\u00e7as entre energia limpa e renov\u00e1vel.<\/p>\n<p>Internamente, a AMAZUL avan\u00e7ou na implementa\u00e7\u00e3o do Sistema de Gest\u00e3o da Qualidade, com previs\u00e3o de certifica\u00e7\u00e3o ISO 9001 at\u00e9 dezembro de 2025, refor\u00e7ando seu compromisso com excel\u00eancia e seguran\u00e7a. A combina\u00e7\u00e3o de inova\u00e7\u00e3o tecnol\u00f3gica, educa\u00e7\u00e3o e parcerias estrat\u00e9gicas mant\u00e9m a empresa na vanguarda do setor nuclear, projetando o Brasil como refer\u00eancia mundial em energia limpa e segura.<\/p>\n<p>Fonte: Defesa em Foco<\/p>\n","protected":false},"excerpt":{"rendered":"<p>Em 12 anos de trajet\u00f3ria, a Amaz\u00f4nia Azul Tecnologias de Defesa S.A. (AMAZUL) consolidou-se como protagonista no setor nuclear brasileiro, liderando projetos estrat\u00e9gicos que unem&#8230;<\/p>\n","protected":false},"author":1527,"featured_media":60737,"comment_status":"closed","ping_status":"closed","sticky":false,"template":"","format":"standard","meta":{"footnotes":""},"categories":[6],"tags":[],"class_list":["post-60736","post","type-post","status-publish","format-standard","has-post-thumbnail","hentry","category-noticias"],"_links":{"self":[{"href":"https:\/\/www.sincomam.org.br\/index.php\/wp-json\/wp\/v2\/posts\/60736","targetHints":{"allow":["GET"]}}],"collection":[{"href":"https:\/\/www.sincomam.org.br\/index.php\/wp-json\/wp\/v2\/posts"}],"about":[{"href":"https:\/\/www.sincomam.org.br\/index.php\/wp-json\/wp\/v2\/types\/post"}],"author":[{"embeddable":true,"href":"https:\/\/www.sincomam.org.br\/index.php\/wp-json\/wp\/v2\/users\/1527"}],"replies":[{"embeddable":true,"href":"https:\/\/www.sincomam.org.br\/index.php\/wp-json\/wp\/v2\/comments?post=60736"}],"version-history":[{"count":1,"href":"https:\/\/www.sincomam.org.br\/index.php\/wp-json\/wp\/v2\/posts\/60736\/revisions"}],"predecessor-version":[{"id":60738,"href":"https:\/\/www.sincomam.org.br\/index.php\/wp-json\/wp\/v2\/posts\/60736\/revisions\/60738"}],"wp:featuredmedia":[{"embeddable":true,"href":"https:\/\/www.sincomam.org.br\/index.php\/wp-json\/wp\/v2\/media\/60737"}],"wp:attachment":[{"href":"https:\/\/www.sincomam.org.br\/index.php\/wp-json\/wp\/v2\/media?parent=60736"}],"wp:term":[{"taxonomy":"category","embeddable":true,"href":"https:\/\/www.sincomam.org.br\/index.php\/wp-json\/wp\/v2\/categories?post=60736"},{"taxonomy":"post_tag","embeddable":true,"href":"https:\/\/www.sincomam.org.br\/index.php\/wp-json\/wp\/v2\/tags?post=60736"}],"curies":[{"name":"wp","href":"https:\/\/api.w.org\/{rel}","templated":true}]}}