{"id":60730,"date":"2025-08-14T12:50:40","date_gmt":"2025-08-14T15:50:40","guid":{"rendered":"https:\/\/www.sincomam.org.br\/?p=60730"},"modified":"2025-08-14T12:50:40","modified_gmt":"2025-08-14T15:50:40","slug":"cni-aprova-medidas-adotadas-pelo-governo-contra-tarifaco","status":"publish","type":"post","link":"https:\/\/www.sincomam.org.br\/index.php\/cni-aprova-medidas-adotadas-pelo-governo-contra-tarifaco\/","title":{"rendered":"CNI aprova medidas adotadas pelo governo contra tarifa\u00e7o"},"content":{"rendered":"<p>O presidente da Confedera\u00e7\u00e3o Nacional da Ind\u00fastria (CNI), Ricardo Alban, avaliou como positivas as medidas anunciadas pelo governo federal para reduzir os efeitos da cobran\u00e7a pelos Estados Unidos de taxas de importa\u00e7\u00e3o de at\u00e9 50% sobre produtos brasileiros. A informa\u00e7\u00e3o foi divulgada pela entidade em comunicado distribu\u00eddo na tarde desta quarta-feira (13).<\/p>\n<p>Segundo o informe, o presidente da entidade ressaltou o fato de o conjunto de a\u00e7\u00f5es anunciadas ontem em cerim\u00f4nia, chamado de Plano Brasil Soberano e enviado ao Congresso como Medida Provis\u00f3ria, incluir propostas feitas pelas ind\u00fastrias, federa\u00e7\u00f5es e associa\u00e7\u00f5es setoriais e tamb\u00e9m porque englobou dois conceitos b\u00e1sicos: continuar negociando como prioridade e, o segundo, se novas medidas forem necess\u00e1rias elas ser\u00e3o tomadas.<\/p>\n<p>Alban que participou em Bras\u00edlia da apresenta\u00e7\u00e3o do Plano, ao lado do presidente Luiz In\u00e1cio Lula da Silva, do vice-presidente e ministro do Desenvolvimento, Ind\u00fastria, Com\u00e9rcio e Servi\u00e7os, Geraldo Alckmin, dos ministros da Fazenda, Fernando Haddad, e das Rela\u00e7\u00f5es Institucionais, Gleisi Hoffmann, e dos presidentes da C\u00e2mara, Hugo Motta, e do Senado, Davi Alcolumbre, considerou, segundo o comunicado da CNI, que as medidas dar\u00e3o um respiro \u00e0 ind\u00fastria nacional.<\/p>\n<p>\u201cN\u00e3o queremos s\u00f3 respirar, mas caminhar e, neste primeiro momento, o Plano Brasil Soberano representa abertura de mercado e reflete o esfor\u00e7o cont\u00ednuo de manter o di\u00e1logo e buscar solu\u00e7\u00f5es\u201d, destacou o presidente da confedera\u00e7\u00e3o.<\/p>\n<p>Entre as medidas apresentadas, merecem destaque, na avalia\u00e7\u00e3o da CNI, a cria\u00e7\u00e3o de linha de cr\u00e9dito especial com taxas de juros mais acess\u00edveis, que pode chegar a R$ 30 bilh\u00f5es, o diferimento (por dois meses) do pagamento de tributos federais e a reativa\u00e7\u00e3o do Reintegra, via eleva\u00e7\u00e3o de sua al\u00edquota (de at\u00e9 3,1% para grandes e m\u00e9dias empresas; e at\u00e9 6% para micro e pequenas). Essas tr\u00eas medidas constam do documento de propostas priorit\u00e1rias entregue pela CNI ao governo federal, informou a Confedera\u00e7\u00e3o.<\/p>\n<p>Al\u00e9m disso, na avalia\u00e7\u00e3o da CNI, o Plano Brasil Soberano conta com outras medidas importantes para o socorro das empresas exportadoras, que tamb\u00e9m atendem a pleitos do setor industrial, como a prorroga\u00e7\u00e3o por um ano do prazo para exporta\u00e7\u00f5es no \u00e2mbito do regime de Drawback e a melhoria dos instrumentos de garantia \u00e0 exporta\u00e7\u00e3o.<\/p>\n<p>No comunicado, a entidade ressaltou que todas as medidas apresentadas nesta quarta-feira pelo governo s\u00e3o focadas apenas nas empresas exportadoras que s\u00e3o impactadas pelo aumento das tarifas dos Estados Unidos, \u201cde forma a assegurar a assertividade e efetividade do plano, al\u00e9m de torn\u00e1-lo aderente \u00e0 realidade fiscal do pa\u00eds\u201d.<\/p>\n<p>O presidente da CNI ressaltou a import\u00e2ncia da competitividade nacional e da defesa comercial, especialmente diante do cen\u00e1rio global, e criticou os elevados spreads banc\u00e1rios. \u201cTemos que ter muito cuidado, aten\u00e7\u00e3o e agilidade na defesa comercial correta, s\u00e9ria e transparente. Se colocarmos o Brasil como na\u00e7\u00e3o em primeiro lugar, tenho certeza de que podemos avan\u00e7ar muito mais\u201d, disse Alban, que reiterou que a Confedera\u00e7\u00e3o continuar\u00e1 trabalhando com representantes do governo para negociar e mitigar os impactos das tarifas, preservando a competitividade da ind\u00fastria nacional.<\/p>\n<p>Al\u00e9m disso, de acordo com o comunicado, a CNI avalia que \u201cas medidas apresentadas trar\u00e3o al\u00edvio financeiro para o fluxo de caixa das empresas afetadas, permitindo que elas possam suportar esse momento cr\u00edtico\u201d, e Alban considera \u201cque o momento continua exigindo equil\u00edbrio e bom senso para transformar desafios em oportunidades.<\/p>\n<p>O comunicado informa ainda que \u201ca CNI tem convic\u00e7\u00e3o de que o Congresso Nacional tratar\u00e1 com a devida prioridade e presteza a medida provis\u00f3ria a ser enviada pelo governo para a viabilizar as medidas apresentadas\u201d.<\/p>\n<p>Fonte: Portos e Navios<\/p>\n","protected":false},"excerpt":{"rendered":"<p>O presidente da Confedera\u00e7\u00e3o Nacional da Ind\u00fastria (CNI), Ricardo Alban, avaliou como positivas as medidas anunciadas pelo governo federal para reduzir os efeitos da cobran\u00e7a&#8230;<\/p>\n","protected":false},"author":1527,"featured_media":60731,"comment_status":"closed","ping_status":"closed","sticky":false,"template":"","format":"standard","meta":{"footnotes":""},"categories":[6],"tags":[],"class_list":["post-60730","post","type-post","status-publish","format-standard","has-post-thumbnail","hentry","category-noticias"],"_links":{"self":[{"href":"https:\/\/www.sincomam.org.br\/index.php\/wp-json\/wp\/v2\/posts\/60730","targetHints":{"allow":["GET"]}}],"collection":[{"href":"https:\/\/www.sincomam.org.br\/index.php\/wp-json\/wp\/v2\/posts"}],"about":[{"href":"https:\/\/www.sincomam.org.br\/index.php\/wp-json\/wp\/v2\/types\/post"}],"author":[{"embeddable":true,"href":"https:\/\/www.sincomam.org.br\/index.php\/wp-json\/wp\/v2\/users\/1527"}],"replies":[{"embeddable":true,"href":"https:\/\/www.sincomam.org.br\/index.php\/wp-json\/wp\/v2\/comments?post=60730"}],"version-history":[{"count":1,"href":"https:\/\/www.sincomam.org.br\/index.php\/wp-json\/wp\/v2\/posts\/60730\/revisions"}],"predecessor-version":[{"id":60732,"href":"https:\/\/www.sincomam.org.br\/index.php\/wp-json\/wp\/v2\/posts\/60730\/revisions\/60732"}],"wp:featuredmedia":[{"embeddable":true,"href":"https:\/\/www.sincomam.org.br\/index.php\/wp-json\/wp\/v2\/media\/60731"}],"wp:attachment":[{"href":"https:\/\/www.sincomam.org.br\/index.php\/wp-json\/wp\/v2\/media?parent=60730"}],"wp:term":[{"taxonomy":"category","embeddable":true,"href":"https:\/\/www.sincomam.org.br\/index.php\/wp-json\/wp\/v2\/categories?post=60730"},{"taxonomy":"post_tag","embeddable":true,"href":"https:\/\/www.sincomam.org.br\/index.php\/wp-json\/wp\/v2\/tags?post=60730"}],"curies":[{"name":"wp","href":"https:\/\/api.w.org\/{rel}","templated":true}]}}