{"id":60724,"date":"2025-08-14T12:48:06","date_gmt":"2025-08-14T15:48:06","guid":{"rendered":"https:\/\/www.sincomam.org.br\/?p=60724"},"modified":"2025-08-14T12:48:06","modified_gmt":"2025-08-14T15:48:06","slug":"apos-um-ano-rio-paraguai-esta-3m-acima-do-nivel-da-emergencia-hidrica","status":"publish","type":"post","link":"https:\/\/www.sincomam.org.br\/index.php\/apos-um-ano-rio-paraguai-esta-3m-acima-do-nivel-da-emergencia-hidrica\/","title":{"rendered":"Ap\u00f3s um ano, Rio Paraguai est\u00e1 3m acima do n\u00edvel da emerg\u00eancia h\u00eddrica"},"content":{"rendered":"<p>O Minist\u00e9rio de Portos e Aeroportos (Mpor) informou, nesta quarta-feira (13), que o n\u00edvel do Rio Paraguai est\u00e1 aproximadamente tr\u00eas metros acima do registrado em 2024, quando estava em situa\u00e7\u00e3o de emerg\u00eancia h\u00eddrica. H\u00e1 um ano, a r\u00e9gua de medi\u00e7\u00e3o de Lad\u00e1rio registrou 35 cent\u00edmetros e, hoje, o n\u00edvel no mesmo ponto est\u00e1 em 3,26m, mas ainda abaixo dos 4,14m de dois anos atr\u00e1s.<\/p>\n<p>Devido \u00e0 estiagem de 2024, o volume de carga transportado pelo rio foi de 3,3 milh\u00f5es de toneladas, sendo 3,1 milh\u00f5es de min\u00e9rio de ferro. No ano anterior, o total fora de 7,9 milh\u00f5es de toneladas, sendo 6,1 milh\u00f5es de min\u00e9rio de ferro e 1,6 milh\u00e3o de soja.<\/p>\n<p>O Rio Paraguai est\u00e1 na lista de hidrovias que o governo federal pretende conceder e \u00e9 o cujo processo est\u00e1 em fase mais avan\u00e7ada. O trecho que ser\u00e1 concedido tem cerca de 600 quil\u00f4metros de extens\u00e3o, entre Corumb\u00e1 (ao lado de Lad\u00e1rio) e a foz do rio Apa, na fronteira com o Paraguai. O projeto j\u00e1 passou por consulta p\u00fablica e est\u00e1 prestes a ser encaminhado para an\u00e1lise do Tribunal de Contas da Uni\u00e3o (TCU).<\/p>\n<p>O secret\u00e1rio de Hidrovias e Navega\u00e7\u00e3o do Mpor, Dino Antunes, afirmou que a expectativa \u00e9 fazer a concess\u00e3o at\u00e9 o fim do ano. \u201cA concess\u00e3o agiliza a ado\u00e7\u00e3o de dragagem de manuten\u00e7\u00e3o quando necess\u00e1ria, com sinaliza\u00e7\u00e3o do canal de navega\u00e7\u00e3o, o que permitir\u00e1, inclusive, o transporte noturno com seguran\u00e7a\u201d, disse.<\/p>\n<p>Fonte: Portos e Navios<\/p>\n","protected":false},"excerpt":{"rendered":"<p>O Minist\u00e9rio de Portos e Aeroportos (Mpor) informou, nesta quarta-feira (13), que o n\u00edvel do Rio Paraguai est\u00e1 aproximadamente tr\u00eas metros acima do registrado em&#8230;<\/p>\n","protected":false},"author":1527,"featured_media":60725,"comment_status":"closed","ping_status":"closed","sticky":false,"template":"","format":"standard","meta":{"footnotes":""},"categories":[6],"tags":[],"class_list":["post-60724","post","type-post","status-publish","format-standard","has-post-thumbnail","hentry","category-noticias"],"_links":{"self":[{"href":"https:\/\/www.sincomam.org.br\/index.php\/wp-json\/wp\/v2\/posts\/60724","targetHints":{"allow":["GET"]}}],"collection":[{"href":"https:\/\/www.sincomam.org.br\/index.php\/wp-json\/wp\/v2\/posts"}],"about":[{"href":"https:\/\/www.sincomam.org.br\/index.php\/wp-json\/wp\/v2\/types\/post"}],"author":[{"embeddable":true,"href":"https:\/\/www.sincomam.org.br\/index.php\/wp-json\/wp\/v2\/users\/1527"}],"replies":[{"embeddable":true,"href":"https:\/\/www.sincomam.org.br\/index.php\/wp-json\/wp\/v2\/comments?post=60724"}],"version-history":[{"count":1,"href":"https:\/\/www.sincomam.org.br\/index.php\/wp-json\/wp\/v2\/posts\/60724\/revisions"}],"predecessor-version":[{"id":60726,"href":"https:\/\/www.sincomam.org.br\/index.php\/wp-json\/wp\/v2\/posts\/60724\/revisions\/60726"}],"wp:featuredmedia":[{"embeddable":true,"href":"https:\/\/www.sincomam.org.br\/index.php\/wp-json\/wp\/v2\/media\/60725"}],"wp:attachment":[{"href":"https:\/\/www.sincomam.org.br\/index.php\/wp-json\/wp\/v2\/media?parent=60724"}],"wp:term":[{"taxonomy":"category","embeddable":true,"href":"https:\/\/www.sincomam.org.br\/index.php\/wp-json\/wp\/v2\/categories?post=60724"},{"taxonomy":"post_tag","embeddable":true,"href":"https:\/\/www.sincomam.org.br\/index.php\/wp-json\/wp\/v2\/tags?post=60724"}],"curies":[{"name":"wp","href":"https:\/\/api.w.org\/{rel}","templated":true}]}}