{"id":6072,"date":"2014-06-12T09:34:16","date_gmt":"2014-06-12T12:34:16","guid":{"rendered":"http:\/\/www.sincomam.org.br\/?p=6072"},"modified":"2014-06-12T10:36:43","modified_gmt":"2014-06-12T13:36:43","slug":"terminal-multimodal-ligara-porto-do-rio-e-medio-paraiba","status":"publish","type":"post","link":"https:\/\/www.sincomam.org.br\/index.php\/terminal-multimodal-ligara-porto-do-rio-e-medio-paraiba\/","title":{"rendered":"Terminal Multimodal ligar\u00e1 Porto do Rio e M\u00e9dio Para\u00edba"},"content":{"rendered":"<p>A pedra fundamental do Terminal Multimodal que integrar\u00e1 o Porto do Rio e a Regi\u00e3o do M\u00e9dio Para\u00edba, foi lan\u00e7ada nesta quarta-feira (11), em Itatiaia. Ser\u00e3o investidos cerca de R$ 250 milh\u00f5es na instala\u00e7\u00e3o do complexo log\u00edstico e industrial, realizado em parceria entre a P\u00e1tria Investimentos e o Grupo Multiterminais. O empreendimento vai gerar 200 empregos diretos e 500 indiretos na regi\u00e3o.<\/p>\n<p>&#8220;Essa regi\u00e3o tem a voca\u00e7\u00e3o da log\u00edstica e atrai muitos investimentos. O terminal ser\u00e1 importante porque vai trazer prosperidade, emprego e renda para Itatiaia e toda a regi\u00e3o&#8221;, disse o governador.<\/p>\n<p>Totalmente informatizada, a unidade integrar\u00e1, via modais ferrovi\u00e1rios e rodovi\u00e1rios, o Porto do Rio com o M\u00e9dio Para\u00edba, na divisa entre os estados do Rio de Janeiro e de S\u00e3o Paulo.<\/p>\n<p><strong>Ind\u00fastria automobil\u00edstica beneficiada<\/strong><\/p>\n<p>O terminal beneficiar\u00e1, principalmente, a ind\u00fastria automobil\u00edstica da regi\u00e3o, que soma 17 fornecedores de pequeno, m\u00e9dio e grande portes, e que est\u00e3o investindo R$ 2 bilh\u00f5es e gerando 2 mil empregos no estado. Outras dez empresas do setor est\u00e3o em negocia\u00e7\u00e3o com a Companhia de Desenvolvimento Industrial do Estado do Rio de Janeiro (Codin) para se instalar no Rio.<\/p>\n<p>Segundo o diretor de Log\u00edstica do Grupo Multiterminais, Ricardo Veja, a obra tem previs\u00e3o para estar conclu\u00edda em dez meses.<\/p>\n<p>&#8220;As interven\u00e7\u00f5es j\u00e1 est\u00e3o em andamento. Esse investimento agrega valor \u00e0 regi\u00e3o, pois vamos tirar caminh\u00f5es da estrada e colocar as cargas na ferrovia, agilizando o transporte&#8221;, explicou o diretor.<\/p>\n<p>O M\u00e9dio Para\u00edba j\u00e1 conta com as linhas de produ\u00e7\u00e3o da MAN, PSA, Nissan e, em breve, ter\u00e1 a Jaguar Land Rover, que investir\u00e1 R$ 750 milh\u00f5es em Itatiaia. Com os planos de expans\u00e3o anunciados pelas empresas, o Rio de Janeiro deve se tornar o segundo maior polo produtor de ve\u00edculos at\u00e9 2020.<\/p>\n<p>Fonte: Ascom Sedeis<\/p>\n","protected":false},"excerpt":{"rendered":"<p>A pedra fundamental do Terminal Multimodal que integrar\u00e1 o Porto do Rio e a Regi\u00e3o do M\u00e9dio Para\u00edba, foi lan\u00e7ada nesta quarta-feira (11), em Itatiaia&#8230;.<\/p>\n","protected":false},"author":1182,"featured_media":4411,"comment_status":"closed","ping_status":"closed","sticky":false,"template":"","format":"standard","meta":{"footnotes":""},"categories":[6],"tags":[],"class_list":["post-6072","post","type-post","status-publish","format-standard","has-post-thumbnail","hentry","category-noticias"],"_links":{"self":[{"href":"https:\/\/www.sincomam.org.br\/index.php\/wp-json\/wp\/v2\/posts\/6072","targetHints":{"allow":["GET"]}}],"collection":[{"href":"https:\/\/www.sincomam.org.br\/index.php\/wp-json\/wp\/v2\/posts"}],"about":[{"href":"https:\/\/www.sincomam.org.br\/index.php\/wp-json\/wp\/v2\/types\/post"}],"author":[{"embeddable":true,"href":"https:\/\/www.sincomam.org.br\/index.php\/wp-json\/wp\/v2\/users\/1182"}],"replies":[{"embeddable":true,"href":"https:\/\/www.sincomam.org.br\/index.php\/wp-json\/wp\/v2\/comments?post=6072"}],"version-history":[{"count":1,"href":"https:\/\/www.sincomam.org.br\/index.php\/wp-json\/wp\/v2\/posts\/6072\/revisions"}],"predecessor-version":[{"id":6073,"href":"https:\/\/www.sincomam.org.br\/index.php\/wp-json\/wp\/v2\/posts\/6072\/revisions\/6073"}],"wp:featuredmedia":[{"embeddable":true,"href":"https:\/\/www.sincomam.org.br\/index.php\/wp-json\/wp\/v2\/media\/4411"}],"wp:attachment":[{"href":"https:\/\/www.sincomam.org.br\/index.php\/wp-json\/wp\/v2\/media?parent=6072"}],"wp:term":[{"taxonomy":"category","embeddable":true,"href":"https:\/\/www.sincomam.org.br\/index.php\/wp-json\/wp\/v2\/categories?post=6072"},{"taxonomy":"post_tag","embeddable":true,"href":"https:\/\/www.sincomam.org.br\/index.php\/wp-json\/wp\/v2\/tags?post=6072"}],"curies":[{"name":"wp","href":"https:\/\/api.w.org\/{rel}","templated":true}]}}