{"id":60717,"date":"2025-08-13T09:44:18","date_gmt":"2025-08-13T12:44:18","guid":{"rendered":"https:\/\/www.sincomam.org.br\/?p=60717"},"modified":"2025-08-13T09:44:18","modified_gmt":"2025-08-13T12:44:18","slug":"inss-senado-aprova-bonus-para-servidor-acelerar-analise-de-beneficios","status":"publish","type":"post","link":"https:\/\/www.sincomam.org.br\/index.php\/inss-senado-aprova-bonus-para-servidor-acelerar-analise-de-beneficios\/","title":{"rendered":"INSS: Senado aprova b\u00f4nus para servidor acelerar an\u00e1lise de benef\u00edcios"},"content":{"rendered":"<p>O Senado aprovou nesta ter\u00e7a-feira (12) a Medida Provis\u00f3ria  (MP 1.296\/2025), que cria um programa com pagamento extra a servidores do INSS para revis\u00e3o de benef\u00edcios assistenciais e previdenci\u00e1rios pagos aos trabalhadores.<\/p>\n<p>Segundo o governo, a MP 1296\/2025 tem o objetivo de reduzir a fila para concess\u00e3o e revis\u00e3o de pens\u00f5es, aux\u00edlios doen\u00e7as e aposentadorias por incapacidade, entre outros.  A proposta perderia a validade hoje, e segue agora para san\u00e7\u00e3o presidencial.   <\/p>\n<p>A MP, que foi aprovada pela C\u00e2mara dos Deputados na semana passada, prev\u00ea pagamentos como incentivo por produtividade de R$ 68,00, por processo, para servidores do INSS, e outro de R$ 75,00, por per\u00edcia ou an\u00e1lise, para servidores da per\u00edcia m\u00e9dica. O programa ter\u00e1 dura\u00e7\u00e3o at\u00e9 15 de abril de 2026, podendo ser prorrogado at\u00e9 o dia 31 de dezembro do pr\u00f3ximo ano.  <\/p>\n<p>Durante a vota\u00e7\u00e3o, a senadora Damares Alves (Republicanos-DF) apresentou um destaque pendido para retirar da MP um trecho que cita o Benef\u00edcio de Presta\u00e7\u00e3o Continuada (BPC), entendendo que a medida poderia prejudicar as pessoas que recebem o benef\u00edcio. No entanto, ap\u00f3s um acordo de l\u00edderes a altera\u00e7\u00e3o foi rejeitada <\/p>\n<p>A relatora da proposta, senadora Zenaide Maia (PSD-RN), explicou que o m\u00e9rito da MP n\u00e3o \u00e9 revisar o BPC, mas reduzir a fila de benefici\u00e1rios do INSS.  \u201cN\u00e3o  \u00e9 poss\u00edvel que esse pa\u00eds tenha 2 milh\u00f5es de pessoas em uma fila para adquirir uma coisa que ele tem direito\u201d, diz Zenaide. <\/p>\n<p>Fonte: Ag\u00eancia Brasil<\/p>\n","protected":false},"excerpt":{"rendered":"<p>O Senado aprovou nesta ter\u00e7a-feira (12) a Medida Provis\u00f3ria (MP 1.296\/2025), que cria um programa com pagamento extra a servidores do INSS para revis\u00e3o de&#8230;<\/p>\n","protected":false},"author":1527,"featured_media":60718,"comment_status":"closed","ping_status":"closed","sticky":false,"template":"","format":"standard","meta":{"footnotes":""},"categories":[6],"tags":[],"class_list":["post-60717","post","type-post","status-publish","format-standard","has-post-thumbnail","hentry","category-noticias"],"_links":{"self":[{"href":"https:\/\/www.sincomam.org.br\/index.php\/wp-json\/wp\/v2\/posts\/60717","targetHints":{"allow":["GET"]}}],"collection":[{"href":"https:\/\/www.sincomam.org.br\/index.php\/wp-json\/wp\/v2\/posts"}],"about":[{"href":"https:\/\/www.sincomam.org.br\/index.php\/wp-json\/wp\/v2\/types\/post"}],"author":[{"embeddable":true,"href":"https:\/\/www.sincomam.org.br\/index.php\/wp-json\/wp\/v2\/users\/1527"}],"replies":[{"embeddable":true,"href":"https:\/\/www.sincomam.org.br\/index.php\/wp-json\/wp\/v2\/comments?post=60717"}],"version-history":[{"count":1,"href":"https:\/\/www.sincomam.org.br\/index.php\/wp-json\/wp\/v2\/posts\/60717\/revisions"}],"predecessor-version":[{"id":60719,"href":"https:\/\/www.sincomam.org.br\/index.php\/wp-json\/wp\/v2\/posts\/60717\/revisions\/60719"}],"wp:featuredmedia":[{"embeddable":true,"href":"https:\/\/www.sincomam.org.br\/index.php\/wp-json\/wp\/v2\/media\/60718"}],"wp:attachment":[{"href":"https:\/\/www.sincomam.org.br\/index.php\/wp-json\/wp\/v2\/media?parent=60717"}],"wp:term":[{"taxonomy":"category","embeddable":true,"href":"https:\/\/www.sincomam.org.br\/index.php\/wp-json\/wp\/v2\/categories?post=60717"},{"taxonomy":"post_tag","embeddable":true,"href":"https:\/\/www.sincomam.org.br\/index.php\/wp-json\/wp\/v2\/tags?post=60717"}],"curies":[{"name":"wp","href":"https:\/\/api.w.org\/{rel}","templated":true}]}}