{"id":60698,"date":"2025-08-12T11:18:19","date_gmt":"2025-08-12T14:18:19","guid":{"rendered":"https:\/\/www.sincomam.org.br\/?p=60698"},"modified":"2025-08-12T11:18:19","modified_gmt":"2025-08-12T14:18:19","slug":"associacao-de-terminais-portuario-privados-cria-comite-de-inovacao-e-debate-licenciamento-e-seguranca-na-navegacao","status":"publish","type":"post","link":"https:\/\/www.sincomam.org.br\/index.php\/associacao-de-terminais-portuario-privados-cria-comite-de-inovacao-e-debate-licenciamento-e-seguranca-na-navegacao\/","title":{"rendered":"Associa\u00e7\u00e3o de Terminais Portu\u00e1rio Privados cria Comit\u00ea de Inova\u00e7\u00e3o e debate licenciamento e seguran\u00e7a na navega\u00e7\u00e3o"},"content":{"rendered":"<p>A Associa\u00e7\u00e3o de Terminais Portu\u00e1rios Privados (ATP), que re\u00fane empresas de grande porte e congrega 70 portos privados do pa\u00eds, anunciou nesta quinta-feira (07\/08) a cria\u00e7\u00e3o do seu Comit\u00ea de Inova\u00e7\u00e3o. O lan\u00e7amento foi feito durante o 1\u00ba Encontro de Comit\u00eas da entidade (Sustentabilidade, Jur\u00eddico, Infraestrutura, Comunica\u00e7\u00e3o e Seguran\u00e7a), realizado, em Bras\u00edlia, com a participa\u00e7\u00e3o de representantes das companhias associadas e autoridades, que destacaram a relev\u00e2ncia da inova\u00e7\u00e3o como indutora do desenvolvimento portu\u00e1rio e essencial para a efici\u00eancia e competitividade dos portos brasileiros e das exporta\u00e7\u00f5es do pa\u00eds no mercado global.<\/p>\n<p>Participaram da abertura do 1\u00ba Encontro de Comit\u00eas, o presidente da ATP, Murillo Barbosa, a diretora-executiva Gabriela Costa; Valter Souza, diretor de Rela\u00e7\u00f5es Institucionais da Confedera\u00e7\u00e3o Nacional do Transporte (CNT); Bruno Orlandi, secret\u00e1rio de Portos de Santos; Fl\u00e1via Takafashi, diretora da Ag\u00eancia Nacional de Transportes Aquavi\u00e1rios (Antaq); e Mariana Pescatori, secret\u00e1ria-executiva do Minist\u00e9rio de Portos e Aeroportos.<\/p>\n<p>\u201cEste foi um encontro que veio para se manter nos pr\u00f3ximos anos. Foi extremamente positivo para envolver todos os participantes de todos os seis comit\u00eas da ATP, em prol da nossa associa\u00e7\u00e3o e do desenvolvimento sustent\u00e1vel dos portos privados, que s\u00e3o fundamentais para a economia brasileira\u201d, afirmou o presidente da ATP, cujas empresas associadas movimentam 60% da carga portu\u00e1ria do pa\u00eds, atuando em \u00e1reas como minera\u00e7\u00e3o, siderurgia, petr\u00f3leo e g\u00e1s, agroneg\u00f3cio, cont\u00eaineres e complexos log\u00edsticos, relevantes para o com\u00e9rcio exterior do Brasil.<\/p>\n<p>Ap\u00f3s a abertura do evento, os coordenadores dos seis comit\u00eas da ATP fizeram uma exposi\u00e7\u00e3o sobre as principais pautas em andamento. Na parte da tarde, o 1\u00ba Encontro de Comit\u00eas da ATP realizou uma discuss\u00e3o integrada sobre o tema \u201cDragagem, licenciamento e seguran\u00e7a p\u00fablica na navega\u00e7\u00e3o\u201d, tratando de entraves regulat\u00f3rios, operacionais e institucionais que afetam os terminais portu\u00e1rios. Debateram o tema Let\u00edcia Nascimento Vimeney (Comar\/Ibama); Edme Tavares, diretor de Infraestrutura Aquavi\u00e1ria do DNIT; e Dino Antunes, secret\u00e1rio Nacional de Hidrovias e Navega\u00e7\u00e3o.<\/p>\n<p>Na parte final do evento, foi lan\u00e7ado o Comit\u00ea de Inova\u00e7\u00e3o da ATP. Tetsu Koike, diretor de Programa de Pol\u00edticas Setoriais, Planejamento e Inova\u00e7\u00e3o do Minist\u00e9rio de Portos e Aeroportos, destacou como a inova\u00e7\u00e3o \u00e9 indutora do desenvolvimento portu\u00e1rio.<\/p>\n<p>\u201cA ATP inovou e acertou na cria\u00e7\u00e3o do seu novo Comit\u00ea de Inova\u00e7\u00e3o. \u00c9 fundamental a discuss\u00e3o t\u00e9cnica de temas de interesse coletivo para ter propostas de solu\u00e7\u00f5es que possam ser encaminhadas aos \u00f3rg\u00e3os competentes\u201d, disse o diretor.<\/p>\n<p>Fonte: Informativo dos Portos<\/p>\n","protected":false},"excerpt":{"rendered":"<p>A Associa\u00e7\u00e3o de Terminais Portu\u00e1rios Privados (ATP), que re\u00fane empresas de grande porte e congrega 70 portos privados do pa\u00eds, anunciou nesta quinta-feira (07\/08) a&#8230;<\/p>\n","protected":false},"author":1527,"featured_media":60699,"comment_status":"closed","ping_status":"closed","sticky":false,"template":"","format":"standard","meta":{"footnotes":""},"categories":[6],"tags":[],"class_list":["post-60698","post","type-post","status-publish","format-standard","has-post-thumbnail","hentry","category-noticias"],"_links":{"self":[{"href":"https:\/\/www.sincomam.org.br\/index.php\/wp-json\/wp\/v2\/posts\/60698","targetHints":{"allow":["GET"]}}],"collection":[{"href":"https:\/\/www.sincomam.org.br\/index.php\/wp-json\/wp\/v2\/posts"}],"about":[{"href":"https:\/\/www.sincomam.org.br\/index.php\/wp-json\/wp\/v2\/types\/post"}],"author":[{"embeddable":true,"href":"https:\/\/www.sincomam.org.br\/index.php\/wp-json\/wp\/v2\/users\/1527"}],"replies":[{"embeddable":true,"href":"https:\/\/www.sincomam.org.br\/index.php\/wp-json\/wp\/v2\/comments?post=60698"}],"version-history":[{"count":1,"href":"https:\/\/www.sincomam.org.br\/index.php\/wp-json\/wp\/v2\/posts\/60698\/revisions"}],"predecessor-version":[{"id":60700,"href":"https:\/\/www.sincomam.org.br\/index.php\/wp-json\/wp\/v2\/posts\/60698\/revisions\/60700"}],"wp:featuredmedia":[{"embeddable":true,"href":"https:\/\/www.sincomam.org.br\/index.php\/wp-json\/wp\/v2\/media\/60699"}],"wp:attachment":[{"href":"https:\/\/www.sincomam.org.br\/index.php\/wp-json\/wp\/v2\/media?parent=60698"}],"wp:term":[{"taxonomy":"category","embeddable":true,"href":"https:\/\/www.sincomam.org.br\/index.php\/wp-json\/wp\/v2\/categories?post=60698"},{"taxonomy":"post_tag","embeddable":true,"href":"https:\/\/www.sincomam.org.br\/index.php\/wp-json\/wp\/v2\/tags?post=60698"}],"curies":[{"name":"wp","href":"https:\/\/api.w.org\/{rel}","templated":true}]}}