{"id":60692,"date":"2025-08-12T11:15:40","date_gmt":"2025-08-12T14:15:40","guid":{"rendered":"https:\/\/www.sincomam.org.br\/?p=60692"},"modified":"2025-08-12T11:15:40","modified_gmt":"2025-08-12T14:15:40","slug":"anp-confirma-prazo-de-resolucao-sobre-descomissionamento","status":"publish","type":"post","link":"https:\/\/www.sincomam.org.br\/index.php\/anp-confirma-prazo-de-resolucao-sobre-descomissionamento\/","title":{"rendered":"ANP confirma prazo de resolu\u00e7\u00e3o sobre descomissionamento"},"content":{"rendered":"<p>Em decis\u00e3o nesta quinta-feira (7), a diretoria da ANP n\u00e3o acatou pedido da Petrobras sobre poss\u00edvel altera\u00e7\u00e3o de prazo determinado em resolu\u00e7\u00e3o, relativa \u00e0 entrega do Programa de Descomissionamento de Instala\u00e7\u00f5es (PDI) da plataforma FSO Cidade de Maca\u00e9, que opera no Campo de Marlim Leste, na Bacia de Campos.<\/p>\n<p>O tema \u00e9 regulamentado pela Resolu\u00e7\u00e3o ANP n\u00ba 817\/2020, que disp\u00f5e sobre o descomissionamento de instala\u00e7\u00f5es de explora\u00e7\u00e3o e de produ\u00e7\u00e3o de petr\u00f3leo e g\u00e1s natural. <\/p>\n<p>Segundo a ANP, o PDI possui duas fases: a conceitual e a executiva. O PDI Conceitual apresenta diretrizes gerais de descomissionamento, devendo ser apresentado pela empresa operadora do campo \u00e0 ANP e, ao mesmo tempo, \u00e0 Marinha e ao Ibama, no prazo de cinco anos antes dos dados previstos para o t\u00e9rmino da produ\u00e7\u00e3o, para instala\u00e7\u00f5es mar\u00edtimas. <\/p>\n<p>Uma vez aprovado o PDI Conceitual pela ANP, a empresa possui um prazo de seis meses para apresentar o PDI Executivo, que ir\u00e1 detalhar os procedimentos, cronogramas, recursos e aspectos t\u00e9cnicos espec\u00edficos para a execu\u00e7\u00e3o das atividades de descomissionamento planejadas na fase conceitual, informou a ag\u00eancia. <\/p>\n<p>De acordo com a ANP, o pedido da Petrobras foi para que esse prazo de seis meses come\u00e7asse a ser contato a partir da aprova\u00e7\u00e3o do PDI Conceitual pelos tr\u00eas \u00f3rg\u00e3os, n\u00e3o apenas pela ANP, o que foi negado pelo diretor pelaia da Ag\u00eancia. <\/p>\n<p>&#8220;O entendimento t\u00e9cnico da ANP, conforme o texto expresso da Resolu\u00e7\u00e3o ANP 817\/2020, \u00e9 o de que a submiss\u00e3o do PDI Executivo n\u00e3o est\u00e1 condicionada \u00e0 manifesta\u00e7\u00e3o dos demais \u00f3rg\u00e3os, mas sim \u00e0 aprova\u00e7\u00e3o do PDI conceitual pela Ag\u00eancia &#8211; inclusive porque a resolu\u00e7\u00e3o n\u00e3o prev\u00ea a necessidade de aprova\u00e7\u00e3o da fase conceitual pela Marinha e pelo Ibama. Caso esses \u00f3rg\u00e3os venham a se manifestar, as adequa\u00e7\u00f5es referentes a essas contribui\u00e7\u00f5es podem e devem ser constru\u00eddas pela operadora j\u00e1 n\u00ba durante o processo de elabora\u00e7\u00e3o&#8221;, afirmou um ANP. <\/p>\n<p>A ag\u00eancia reguladora acrescentou que, uma vez finalizado dentro desse per\u00edodo, o PDI Executivo deve ser submetido a tr\u00eas \u00f3rg\u00e3os concomitantemente, permitindo que as an\u00e1lises ocorram de forma paralela e integrada, respeitando as respectivas esferas de atua\u00e7\u00e3o e expertise de cada entidade. <\/p>\n<p>No comunicado, a ANP detalhou que o descomissionamento \u00e9 o conjunto de atividades relacionadas \u00e0 interrup\u00e7\u00e3o definitiva da opera\u00e7\u00e3o das instala\u00e7\u00f5es, ao abandono permanente e ao arrasamento de po\u00e7os, \u00e0 remo\u00e7\u00e3o de instala\u00e7\u00f5es, \u00e0 destina\u00e7\u00e3o adequada de materiais, res\u00edduos e rejeitos, \u00e0 recupera\u00e7\u00e3o ambiental da \u00e1rea e \u00e0 preserva\u00e7\u00e3o das condi\u00e7\u00f5es de seguran\u00e7a de navega\u00e7\u00e3o local.<\/p>\n<p>Disse que a atividade \u00e9 uma obriga\u00e7\u00e3o contratual, e \u00e9 realizada ao final da vida produtiva do campo, quando a produ\u00e7\u00e3o j\u00e1 n\u00e3o \u00e9 suficiente para sustentar os custos de opera\u00e7\u00e3o. As atividades de descomissionamento a serem realizadas dever\u00e3o ser apresentadas \u00e0 ANP no PDI, nos prazos determinados em resolu\u00e7\u00e3o, primeiro em sua fase conceitual e, posteriormente, em sua fase executiva, ambas necessitando de aprova\u00e7\u00e3o pela ag\u00eancia, complementar.<\/p>\n<p>Fonte: Revista Brasil Energia<\/p>\n","protected":false},"excerpt":{"rendered":"<p>Em decis\u00e3o nesta quinta-feira (7), a diretoria da ANP n\u00e3o acatou pedido da Petrobras sobre poss\u00edvel altera\u00e7\u00e3o de prazo determinado em resolu\u00e7\u00e3o, relativa \u00e0 entrega&#8230;<\/p>\n","protected":false},"author":1527,"featured_media":60693,"comment_status":"closed","ping_status":"closed","sticky":false,"template":"","format":"standard","meta":{"footnotes":""},"categories":[6],"tags":[],"class_list":["post-60692","post","type-post","status-publish","format-standard","has-post-thumbnail","hentry","category-noticias"],"_links":{"self":[{"href":"https:\/\/www.sincomam.org.br\/index.php\/wp-json\/wp\/v2\/posts\/60692","targetHints":{"allow":["GET"]}}],"collection":[{"href":"https:\/\/www.sincomam.org.br\/index.php\/wp-json\/wp\/v2\/posts"}],"about":[{"href":"https:\/\/www.sincomam.org.br\/index.php\/wp-json\/wp\/v2\/types\/post"}],"author":[{"embeddable":true,"href":"https:\/\/www.sincomam.org.br\/index.php\/wp-json\/wp\/v2\/users\/1527"}],"replies":[{"embeddable":true,"href":"https:\/\/www.sincomam.org.br\/index.php\/wp-json\/wp\/v2\/comments?post=60692"}],"version-history":[{"count":1,"href":"https:\/\/www.sincomam.org.br\/index.php\/wp-json\/wp\/v2\/posts\/60692\/revisions"}],"predecessor-version":[{"id":60694,"href":"https:\/\/www.sincomam.org.br\/index.php\/wp-json\/wp\/v2\/posts\/60692\/revisions\/60694"}],"wp:featuredmedia":[{"embeddable":true,"href":"https:\/\/www.sincomam.org.br\/index.php\/wp-json\/wp\/v2\/media\/60693"}],"wp:attachment":[{"href":"https:\/\/www.sincomam.org.br\/index.php\/wp-json\/wp\/v2\/media?parent=60692"}],"wp:term":[{"taxonomy":"category","embeddable":true,"href":"https:\/\/www.sincomam.org.br\/index.php\/wp-json\/wp\/v2\/categories?post=60692"},{"taxonomy":"post_tag","embeddable":true,"href":"https:\/\/www.sincomam.org.br\/index.php\/wp-json\/wp\/v2\/tags?post=60692"}],"curies":[{"name":"wp","href":"https:\/\/api.w.org\/{rel}","templated":true}]}}