{"id":60676,"date":"2025-08-11T09:30:10","date_gmt":"2025-08-11T12:30:10","guid":{"rendered":"https:\/\/www.sincomam.org.br\/?p=60676"},"modified":"2025-08-11T09:30:10","modified_gmt":"2025-08-11T12:30:10","slug":"metade-das-demissoes-em-2024-foi-causada-por-questoes-comportamentais","status":"publish","type":"post","link":"https:\/\/www.sincomam.org.br\/index.php\/metade-das-demissoes-em-2024-foi-causada-por-questoes-comportamentais\/","title":{"rendered":"Metade das demiss\u00f5es em 2024 foi causada por quest\u00f5es comportamentais"},"content":{"rendered":"<p>Um levantamento feito para 6\u00ba Observat\u00f3rio de Carreiras e Mercado realizado pelo PUCPR Carreiras, setor da Pontif\u00edcia Universidade Cat\u00f3lica do Paran\u00e1 (PUCPR), revelou que 50% das demiss\u00f5es em 2024 foram causadas por quest\u00f5es comportamentais. Em seguida aparecem a automa\u00e7\u00e3o das atividades (25%), a redu\u00e7\u00e3o de custos e os cortes de despesas (25%). A pesquisa contou com a participa\u00e7\u00e3o de 3.631 estudantes, 3.655 alumni (ex-alunos) e 583 empresas da \u00e1rea de recrutamento humano.<img decoding=\"async\" src=\"https:\/\/agenciabrasil.ebc.com.br\/ebc.png?id=1653763&amp;o=node\" \/><img decoding=\"async\" src=\"https:\/\/agenciabrasil.ebc.com.br\/ebc.gif?id=1653763&amp;o=node\" \/><\/p>\n<p>\u201cO mercado valoriza profissionais que unem compet\u00eancia t\u00e9cnica e habilidades para uma boa conviv\u00eancia. Um \u00fanico indiv\u00edduo com atitudes negativas pode comprometer toda a equipe, surgem conflitos, a produtividade cai e talentos s\u00e3o perdidos. Por isso, \u00e9 preciso olhar para o autoconhecimento\u201d, explica a coordenadora do PUCPR Carreiras, Luciana Mariano.<\/p>\n<p>Segundo ela, o sucesso est\u00e1 cada vez mais baseado na combina\u00e7\u00e3o entre saber fazer as tarefas e saber conviver com as pessoas.<\/p>\n<blockquote><p>\u201cMais do que dominar ferramentas ou processos, \u00e9 preciso desenvolver intelig\u00eancia emocional, empatia, respeito e responsabilidade nas rela\u00e7\u00f5es, al\u00e9m de se auto avaliar sempre, se questionando sobre sua postura nas rela\u00e7\u00f5es do dia a dia e a sua forma de lidar com as emo\u00e7\u00f5es e com os outros no ambiente de trabalho\u201d, avalia.<\/p><\/blockquote>\n<p>O estudo mostrou que no ano passado as habilidades mais valorizadas foram a comunica\u00e7\u00e3o oral (11,46%), o planejamento (10,73%), a solu\u00e7\u00e3o de problemas (10,18%), gest\u00e3o de conflitos (7,51%) e a comunica\u00e7\u00e3o escrita (7,42%).<\/p>\n<p>De acordo com o estudo, em compara\u00e7\u00e3o com 2021, per\u00edodo em que as empresas lidavam diretamente com os efeitos da pandemia, observa-se uma mudan\u00e7a nas prioridades, com as habilidades ligadas \u00e0 solu\u00e7\u00e3o de problemas (12,58%) ocupando o topo da lista.<\/p>\n<p>A pesquisa aponta que 76% dos respondentes est\u00e3o investindo na aquisi\u00e7\u00e3o de novos conhecimentos, o que demonstra uma postura proativa, para evitar a estagna\u00e7\u00e3o e fortalecer a empregabilidade. Al\u00e9m disso, 16,32% das empresas entrevistadas priorizam aqueles que demonstram interesse em se atualizar.<\/p>\n<p>Luciana ressaltou que os movimentos do mercado acontecem com rapidez e o que importa \u00e9 como cada um se posiciona diante dessas transforma\u00e7\u00f5es.<\/p>\n<p>\u201cAtualizar conhecimentos e desenvolver novas compet\u00eancias \u00e9 uma necessidade. Aqueles que mant\u00eam o aprendizado constante conseguem se adaptar \u00e0s mudan\u00e7as, identificar oportunidades e compartilhar conhecimento. Essa pr\u00e1tica ajuda n\u00e3o s\u00f3 na carreira individual, mas tamb\u00e9m no desempenho das organiza\u00e7\u00f5es, que precisam de pessoas preparadas para aprender, mudar e colaborar\u201d, disse.<\/p>\n<p>Fonte: Ag\u00eancia Brasil<\/p>\n","protected":false},"excerpt":{"rendered":"<p>Um levantamento feito para 6\u00ba Observat\u00f3rio de Carreiras e Mercado realizado pelo PUCPR Carreiras, setor da Pontif\u00edcia Universidade Cat\u00f3lica do Paran\u00e1 (PUCPR), revelou que 50%&#8230;<\/p>\n","protected":false},"author":1527,"featured_media":60677,"comment_status":"closed","ping_status":"closed","sticky":false,"template":"","format":"standard","meta":{"footnotes":""},"categories":[6],"tags":[],"class_list":["post-60676","post","type-post","status-publish","format-standard","has-post-thumbnail","hentry","category-noticias"],"_links":{"self":[{"href":"https:\/\/www.sincomam.org.br\/index.php\/wp-json\/wp\/v2\/posts\/60676","targetHints":{"allow":["GET"]}}],"collection":[{"href":"https:\/\/www.sincomam.org.br\/index.php\/wp-json\/wp\/v2\/posts"}],"about":[{"href":"https:\/\/www.sincomam.org.br\/index.php\/wp-json\/wp\/v2\/types\/post"}],"author":[{"embeddable":true,"href":"https:\/\/www.sincomam.org.br\/index.php\/wp-json\/wp\/v2\/users\/1527"}],"replies":[{"embeddable":true,"href":"https:\/\/www.sincomam.org.br\/index.php\/wp-json\/wp\/v2\/comments?post=60676"}],"version-history":[{"count":1,"href":"https:\/\/www.sincomam.org.br\/index.php\/wp-json\/wp\/v2\/posts\/60676\/revisions"}],"predecessor-version":[{"id":60678,"href":"https:\/\/www.sincomam.org.br\/index.php\/wp-json\/wp\/v2\/posts\/60676\/revisions\/60678"}],"wp:featuredmedia":[{"embeddable":true,"href":"https:\/\/www.sincomam.org.br\/index.php\/wp-json\/wp\/v2\/media\/60677"}],"wp:attachment":[{"href":"https:\/\/www.sincomam.org.br\/index.php\/wp-json\/wp\/v2\/media?parent=60676"}],"wp:term":[{"taxonomy":"category","embeddable":true,"href":"https:\/\/www.sincomam.org.br\/index.php\/wp-json\/wp\/v2\/categories?post=60676"},{"taxonomy":"post_tag","embeddable":true,"href":"https:\/\/www.sincomam.org.br\/index.php\/wp-json\/wp\/v2\/tags?post=60676"}],"curies":[{"name":"wp","href":"https:\/\/api.w.org\/{rel}","templated":true}]}}