{"id":60663,"date":"2025-08-11T09:20:22","date_gmt":"2025-08-11T12:20:22","guid":{"rendered":"https:\/\/www.sincomam.org.br\/?p=60663"},"modified":"2025-08-11T09:20:22","modified_gmt":"2025-08-11T12:20:22","slug":"ministerios-e-cnt-assinam-acordo-para-promover-acoes-de-sustentabilidade-na-cop30-2","status":"publish","type":"post","link":"https:\/\/www.sincomam.org.br\/index.php\/ministerios-e-cnt-assinam-acordo-para-promover-acoes-de-sustentabilidade-na-cop30-2\/","title":{"rendered":"Minist\u00e9rios e CNT assinam acordo para promover a\u00e7\u00f5es de sustentabilidade na COP30"},"content":{"rendered":"<p>O Minist\u00e9rio de Portos e Aeroportos (MPor), o Minist\u00e9rio dos Transportes e a Confedera\u00e7\u00e3o Nacional de Transportes (CNT) assinaram, na \u00faltima quarta-feira (6), acordo para desenvolver a\u00e7\u00f5es conjuntas de sa\u00fade e cidadania nos portos brasileiros e incluir a \u00e1rea portu\u00e1ria nas discuss\u00f5es sobre clima durante a Confer\u00eancia das Na\u00e7\u00f5es Unidas sobre as Mudan\u00e7as Clim\u00e1ticas (COP30), que ser\u00e1 realizada em novembro em Bel\u00e9m (PA). Est\u00e3o previstos estudos, oficinas tem\u00e1ticas, produ\u00e7\u00e3o de subs\u00eddios t\u00e9cnicos e a\u00e7\u00f5es de mobiliza\u00e7\u00e3o voltadas \u00e0 regula\u00e7\u00e3o, governan\u00e7a e descarboniza\u00e7\u00e3o dos setores hidrovi\u00e1rio e portu\u00e1rio.<\/p>\n<p>Al\u00e9m disso, informou o MPor, a CNT e parceiros v\u00e3o ter, na COP30, espa\u00e7os tem\u00e1ticos dedicados a portos, hidrovias e avia\u00e7\u00e3o. O objetivo \u00e9 apresentar exemplos de projetos de sustentabilidade, discutir desafios e levar experi\u00eancias brasileiras ao debate internacional sobre transi\u00e7\u00e3o energ\u00e9tica.<\/p>\n<p>Na cerim\u00f4nia de assinatura do acordo, o ministro de Portos e Aeroportos, Silvio Costa Filho, definiu a parceira como marco na integra\u00e7\u00e3o entre governo e setor produtivo para uma agenda moderna e sustent\u00e1vel. Segundo ele, o Pacto pela Sustentabilidade representa avan\u00e7o no di\u00e1logo sobre fortalecimento da sa\u00fade do trabalhador, governan\u00e7a, sustentabilidade e qualifica\u00e7\u00e3o profissional,<\/p>\n<p>J\u00e1 o presidente da CNT, Vander Francisco Costa, destacou a import\u00e2ncia do modal aquavi\u00e1rio para a redu\u00e7\u00e3o das emiss\u00f5es de poluentes. \u201c\u00c9 preciso investir em hidrovias e em uma matriz mais sustent\u00e1vel, promovendo a multimodalidade como caminho para ganhos econ\u00f4micos e sociais\u201d, disse.<\/p>\n<p>O acordo assinado entre os minist\u00e9rios e a CNT, segundo os signat\u00e1rios, visa fortalecer, al\u00e9m da agenda clim\u00e1tica, pol\u00edticas p\u00fablicas de cuidado com a sa\u00fade dos trabalhadores portu\u00e1rios. Um dos compromissos anunciados \u00e9 a amplia\u00e7\u00e3o do programa &#8216;Sa\u00fade nos Portos&#8217;, com orienta\u00e7\u00e3o social a profissionais do setor e motoristas de cargas, destacando atendimento m\u00e9dico e odontol\u00f3gico, de fisioterapia, psicologia e nutri\u00e7\u00e3o. Inicialmente, a previs\u00e3o \u00e9 de beneficiar por ano 1.500 trabalhadores em 20 portos.<\/p>\n<p>Fonte: Portos e Navios<\/p>\n","protected":false},"excerpt":{"rendered":"<p>O Minist\u00e9rio de Portos e Aeroportos (MPor), o Minist\u00e9rio dos Transportes e a Confedera\u00e7\u00e3o Nacional de Transportes (CNT) assinaram, na \u00faltima quarta-feira (6), acordo para&#8230;<\/p>\n","protected":false},"author":1527,"featured_media":60664,"comment_status":"closed","ping_status":"closed","sticky":false,"template":"","format":"standard","meta":{"footnotes":""},"categories":[6],"tags":[],"class_list":["post-60663","post","type-post","status-publish","format-standard","has-post-thumbnail","hentry","category-noticias"],"_links":{"self":[{"href":"https:\/\/www.sincomam.org.br\/index.php\/wp-json\/wp\/v2\/posts\/60663","targetHints":{"allow":["GET"]}}],"collection":[{"href":"https:\/\/www.sincomam.org.br\/index.php\/wp-json\/wp\/v2\/posts"}],"about":[{"href":"https:\/\/www.sincomam.org.br\/index.php\/wp-json\/wp\/v2\/types\/post"}],"author":[{"embeddable":true,"href":"https:\/\/www.sincomam.org.br\/index.php\/wp-json\/wp\/v2\/users\/1527"}],"replies":[{"embeddable":true,"href":"https:\/\/www.sincomam.org.br\/index.php\/wp-json\/wp\/v2\/comments?post=60663"}],"version-history":[{"count":1,"href":"https:\/\/www.sincomam.org.br\/index.php\/wp-json\/wp\/v2\/posts\/60663\/revisions"}],"predecessor-version":[{"id":60665,"href":"https:\/\/www.sincomam.org.br\/index.php\/wp-json\/wp\/v2\/posts\/60663\/revisions\/60665"}],"wp:featuredmedia":[{"embeddable":true,"href":"https:\/\/www.sincomam.org.br\/index.php\/wp-json\/wp\/v2\/media\/60664"}],"wp:attachment":[{"href":"https:\/\/www.sincomam.org.br\/index.php\/wp-json\/wp\/v2\/media?parent=60663"}],"wp:term":[{"taxonomy":"category","embeddable":true,"href":"https:\/\/www.sincomam.org.br\/index.php\/wp-json\/wp\/v2\/categories?post=60663"},{"taxonomy":"post_tag","embeddable":true,"href":"https:\/\/www.sincomam.org.br\/index.php\/wp-json\/wp\/v2\/tags?post=60663"}],"curies":[{"name":"wp","href":"https:\/\/api.w.org\/{rel}","templated":true}]}}