{"id":60650,"date":"2025-08-08T11:54:17","date_gmt":"2025-08-08T14:54:17","guid":{"rendered":"https:\/\/www.sincomam.org.br\/?p=60650"},"modified":"2025-08-08T11:54:17","modified_gmt":"2025-08-08T14:54:17","slug":"marinha-e-karpowership-capacitam-105-profissionais-para-economia-do-mar","status":"publish","type":"post","link":"https:\/\/www.sincomam.org.br\/index.php\/marinha-e-karpowership-capacitam-105-profissionais-para-economia-do-mar\/","title":{"rendered":"Marinha e Karpowership capacitam 105 profissionais para Economia do Mar"},"content":{"rendered":"<p>Em uma a\u00e7\u00e3o conjunta voltada \u00e0 inclus\u00e3o produtiva, a Marinha do Brasil, a Karpowership Brasil e a Seenemar est\u00e3o formando uma nova gera\u00e7\u00e3o de trabalhadores da Economia do Mar. Em julho, 35 aquavi\u00e1rios se formaram, e outros 70 j\u00e1 est\u00e3o confirmados para as pr\u00f3ximas turmas. O objetivo \u00e9 claro: gerar oportunidades, renda e autonomia para quem vive do mar.<\/p>\n<p><strong>Certifica\u00e7\u00e3o de excel\u00eancia com o selo da Marinha<\/strong><br \/>\nA forma\u00e7\u00e3o foi realizada por meio do Curso de Forma\u00e7\u00e3o de Aquavi\u00e1rios \u2013 Marinheiro Auxiliar de Conv\u00e9s e de M\u00e1quinas (CFAQ-MAC), reconhecido pela Marinha do Brasil e voltado para o ingresso profissional no setor mar\u00edtimo. Com disciplinas pr\u00e1ticas e te\u00f3ricas, os participantes aprendem fundamentos de navega\u00e7\u00e3o, opera\u00e7\u00e3o de m\u00e1quinas, seguran\u00e7a, primeiros socorros e legisla\u00e7\u00e3o mar\u00edtima.<\/p>\n<p>A certifica\u00e7\u00e3o oficial concedida pela Autoridade Mar\u00edtima Brasileira permite aos formandos atuar em embarca\u00e7\u00f5es de apoio mar\u00edtimo, transporte fluvial e atividades portu\u00e1rias, abrindo portas para uma ampla gama de oportunidades em um setor em expans\u00e3o. O curso tem validade nacional e \u00e9 um passo concreto para profissionalizar o acesso \u00e0 Economia Azul.<\/p>\n<p><strong>Qualifica\u00e7\u00e3o que muda realidades<\/strong><br \/>\nO programa Empregos Azuis \u2013 Um Mar de Oportunidades, idealizado pela Secretaria de Estado de Energia e Economia do Mar (Seenemar), representa um marco na pol\u00edtica de inclus\u00e3o produtiva do litoral fluminense. Ao oferecer capacita\u00e7\u00e3o gratuita, o programa atende moradores de Itagua\u00ed e da Costa Verde, conectando pescadores artesanais, jovens e trabalhadores informais \u00e0s oportunidades do setor naval.<\/p>\n<p>A iniciativa rompe barreiras hist\u00f3ricas de acesso \u00e0 qualifica\u00e7\u00e3o t\u00e9cnica e promove transforma\u00e7\u00e3o social nas comunidades costeiras. Ao sair com o diploma nas m\u00e3os, os novos aquavi\u00e1rios conquistam tamb\u00e9m dignidade, autonomia financeira e mobilidade profissional, consolidando um novo ciclo de oportunidades sustent\u00e1veis na regi\u00e3o.<\/p>\n<p><strong>Desenvolvimento com base no mar<\/strong><br \/>\nA parceria entre Karpowership, Seenemar e Marinha do Brasil \u00e9 um exemplo de pol\u00edtica p\u00fablica que articula o setor produtivo, a estrutura estatal e a valoriza\u00e7\u00e3o da for\u00e7a de trabalho local. Em um estado com forte voca\u00e7\u00e3o mar\u00edtima, preparar a popula\u00e7\u00e3o para atuar na Economia do Mar \u00e9 apostar no desenvolvimento regional, na inclus\u00e3o social e na seguran\u00e7a econ\u00f4mica do territ\u00f3rio fluminense.<\/p>\n<p>O sucesso do programa j\u00e1 \u00e9 vis\u00edvel: 105 pessoas capacitadas e mais turmas previstas para outubro e novembro. A Economia Azul, que envolve transporte, pesca, log\u00edstica, energia, turismo e conserva\u00e7\u00e3o marinha, exige profissionais qualificados \u2014 e o Estado do Rio est\u00e1 dando o exemplo ao formar cidad\u00e3os aptos, certificados e comprometidos com um mar de oportunidades.<\/p>\n<p>Fonte: Defesa em Foco<\/p>\n","protected":false},"excerpt":{"rendered":"<p>Em uma a\u00e7\u00e3o conjunta voltada \u00e0 inclus\u00e3o produtiva, a Marinha do Brasil, a Karpowership Brasil e a Seenemar est\u00e3o formando uma nova gera\u00e7\u00e3o de trabalhadores&#8230;<\/p>\n","protected":false},"author":1527,"featured_media":60651,"comment_status":"closed","ping_status":"closed","sticky":false,"template":"","format":"standard","meta":{"footnotes":""},"categories":[6],"tags":[],"class_list":["post-60650","post","type-post","status-publish","format-standard","has-post-thumbnail","hentry","category-noticias"],"_links":{"self":[{"href":"https:\/\/www.sincomam.org.br\/index.php\/wp-json\/wp\/v2\/posts\/60650","targetHints":{"allow":["GET"]}}],"collection":[{"href":"https:\/\/www.sincomam.org.br\/index.php\/wp-json\/wp\/v2\/posts"}],"about":[{"href":"https:\/\/www.sincomam.org.br\/index.php\/wp-json\/wp\/v2\/types\/post"}],"author":[{"embeddable":true,"href":"https:\/\/www.sincomam.org.br\/index.php\/wp-json\/wp\/v2\/users\/1527"}],"replies":[{"embeddable":true,"href":"https:\/\/www.sincomam.org.br\/index.php\/wp-json\/wp\/v2\/comments?post=60650"}],"version-history":[{"count":1,"href":"https:\/\/www.sincomam.org.br\/index.php\/wp-json\/wp\/v2\/posts\/60650\/revisions"}],"predecessor-version":[{"id":60652,"href":"https:\/\/www.sincomam.org.br\/index.php\/wp-json\/wp\/v2\/posts\/60650\/revisions\/60652"}],"wp:featuredmedia":[{"embeddable":true,"href":"https:\/\/www.sincomam.org.br\/index.php\/wp-json\/wp\/v2\/media\/60651"}],"wp:attachment":[{"href":"https:\/\/www.sincomam.org.br\/index.php\/wp-json\/wp\/v2\/media?parent=60650"}],"wp:term":[{"taxonomy":"category","embeddable":true,"href":"https:\/\/www.sincomam.org.br\/index.php\/wp-json\/wp\/v2\/categories?post=60650"},{"taxonomy":"post_tag","embeddable":true,"href":"https:\/\/www.sincomam.org.br\/index.php\/wp-json\/wp\/v2\/tags?post=60650"}],"curies":[{"name":"wp","href":"https:\/\/api.w.org\/{rel}","templated":true}]}}