{"id":60644,"date":"2025-08-08T11:50:45","date_gmt":"2025-08-08T14:50:45","guid":{"rendered":"https:\/\/www.sincomam.org.br\/?p=60644"},"modified":"2025-08-08T11:50:45","modified_gmt":"2025-08-08T14:50:45","slug":"ministerio-de-portos-e-aeroportos-e-policia-federal-reforcam-acoes-integradas-nos-terminais-brasileiros","status":"publish","type":"post","link":"https:\/\/www.sincomam.org.br\/index.php\/ministerio-de-portos-e-aeroportos-e-policia-federal-reforcam-acoes-integradas-nos-terminais-brasileiros\/","title":{"rendered":"Minist\u00e9rio de Portos e Aeroportos e Pol\u00edcia Federal refor\u00e7am a\u00e7\u00f5es integradas nos terminais brasileiros"},"content":{"rendered":"<p>O Minist\u00e9rio de Portos e Aeroportos e a Pol\u00edcia Federal est\u00e3o intensificando a\u00e7\u00f5es conjuntas para refor\u00e7ar a seguran\u00e7a nos terminais portu\u00e1rios do Brasil, protegendo infraestruturas essenciais para a economia nacional e combatendo o crime organizado.<\/p>\n<p>As medidas para refor\u00e7ar a seguran\u00e7a portu\u00e1ria foram tema de reuni\u00e3o entre o ministro Silvio Costa Filho e o diretor-geral da Pol\u00edcia Federal, Andrei Augusto Rodrigues. A parceria busca ampliar a presen\u00e7a do Estado nas \u00e1reas portu\u00e1rias, por meio de fiscaliza\u00e7\u00e3o, monitoramento e controle de acesso.<\/p>\n<p>\u201cEstamos ampliando a fiscaliza\u00e7\u00e3o, refor\u00e7ando o controle das fronteiras e protegendo as instala\u00e7\u00f5es estrat\u00e9gicas do setor. A parceria com a Pol\u00edcia Federal e outros \u00f3rg\u00e3os \u00e9 essencial para garantir mais seguran\u00e7a nas \u00e1reas portu\u00e1rias\u201d, afirmou o ministro Silvio Costa Filho.<\/p>\n<p>Entre as principais iniciativas est\u00e1 a implanta\u00e7\u00e3o de sistemas de monitoramento e vigil\u00e2ncia eletr\u00f4nica 24 horas por dia, como o VTMIS (Vessel Traffic Management Information System) e o VTS (Vessel Traffic Services), ambos credenciados pela Marinha. Os sistemas permitem o compartilhamento de dados em tempo real com a Pol\u00edcia Federal, Receita Federal e for\u00e7as estaduais de seguran\u00e7a.<\/p>\n<p>Atualmente, esses programas j\u00e1 est\u00e3o em opera\u00e7\u00e3o nos portos de Vit\u00f3ria (ES) e A\u00e7u (RJ). O Novo PAC (Programa de Acelera\u00e7\u00e3o do Crescimento) prev\u00ea a expans\u00e3o da tecnologia para mais seis portos estrat\u00e9gicos: Santos (SP), Rio de Janeiro (RJ), Itagua\u00ed (RJ), Itaqui (MA), Rio Grande (RS) e Vila do Conde (PA), com investimento de R$ 355 milh\u00f5es, financiado pelas autoridades portu\u00e1rias.<\/p>\n<p>Talha-Mar em a\u00e7\u00e3o<br \/>\nDesde 2021, o Minist\u00e9rio de Portos e Aeroportos vem refor\u00e7ando a seguran\u00e7a portu\u00e1ria com a atualiza\u00e7\u00e3o dos planos locais de prote\u00e7\u00e3o e a adequa\u00e7\u00e3o ao C\u00f3digo Internacional de Prote\u00e7\u00e3o de Navios e Instala\u00e7\u00f5es Portu\u00e1rias (ISPS Code), da Organiza\u00e7\u00e3o Mar\u00edtima Internacional (IMO). Al\u00e9m disso, o minist\u00e9rio integra o Projeto Talha-Mar, uma das principais iniciativas voltadas ao aumento da presen\u00e7a do Estado e ao fortalecimento da intelig\u00eancia em portos das regi\u00f5es Norte, Nordeste, Sudeste e Sul.<\/p>\n<p>O Talha-Mar comp\u00f5e o Grupo T\u00e9cnico de Seguran\u00e7a de Infraestruturas Cr\u00edticas, coordenado pelo Gabinete de Seguran\u00e7a Institucional (GSI), e representa um avan\u00e7o na articula\u00e7\u00e3o entre seguran\u00e7a e intelig\u00eancia. Com a moderniza\u00e7\u00e3o dos sistemas e o fortalecimento da coopera\u00e7\u00e3o institucional, a expectativa \u00e9 que os terminais operem com mais seguran\u00e7a, efici\u00eancia e capacidade de resposta.<\/p>\n<p>Fonte: Informativo dos Portos<\/p>\n","protected":false},"excerpt":{"rendered":"<p>O Minist\u00e9rio de Portos e Aeroportos e a Pol\u00edcia Federal est\u00e3o intensificando a\u00e7\u00f5es conjuntas para refor\u00e7ar a seguran\u00e7a nos terminais portu\u00e1rios do Brasil, protegendo infraestruturas&#8230;<\/p>\n","protected":false},"author":1527,"featured_media":60645,"comment_status":"closed","ping_status":"closed","sticky":false,"template":"","format":"standard","meta":{"footnotes":""},"categories":[6],"tags":[],"class_list":["post-60644","post","type-post","status-publish","format-standard","has-post-thumbnail","hentry","category-noticias"],"_links":{"self":[{"href":"https:\/\/www.sincomam.org.br\/index.php\/wp-json\/wp\/v2\/posts\/60644","targetHints":{"allow":["GET"]}}],"collection":[{"href":"https:\/\/www.sincomam.org.br\/index.php\/wp-json\/wp\/v2\/posts"}],"about":[{"href":"https:\/\/www.sincomam.org.br\/index.php\/wp-json\/wp\/v2\/types\/post"}],"author":[{"embeddable":true,"href":"https:\/\/www.sincomam.org.br\/index.php\/wp-json\/wp\/v2\/users\/1527"}],"replies":[{"embeddable":true,"href":"https:\/\/www.sincomam.org.br\/index.php\/wp-json\/wp\/v2\/comments?post=60644"}],"version-history":[{"count":1,"href":"https:\/\/www.sincomam.org.br\/index.php\/wp-json\/wp\/v2\/posts\/60644\/revisions"}],"predecessor-version":[{"id":60646,"href":"https:\/\/www.sincomam.org.br\/index.php\/wp-json\/wp\/v2\/posts\/60644\/revisions\/60646"}],"wp:featuredmedia":[{"embeddable":true,"href":"https:\/\/www.sincomam.org.br\/index.php\/wp-json\/wp\/v2\/media\/60645"}],"wp:attachment":[{"href":"https:\/\/www.sincomam.org.br\/index.php\/wp-json\/wp\/v2\/media?parent=60644"}],"wp:term":[{"taxonomy":"category","embeddable":true,"href":"https:\/\/www.sincomam.org.br\/index.php\/wp-json\/wp\/v2\/categories?post=60644"},{"taxonomy":"post_tag","embeddable":true,"href":"https:\/\/www.sincomam.org.br\/index.php\/wp-json\/wp\/v2\/tags?post=60644"}],"curies":[{"name":"wp","href":"https:\/\/api.w.org\/{rel}","templated":true}]}}