{"id":6064,"date":"2014-06-12T09:42:37","date_gmt":"2014-06-12T12:42:37","guid":{"rendered":"http:\/\/www.sincomam.org.br\/?p=6064"},"modified":"2014-06-12T09:42:37","modified_gmt":"2014-06-12T12:42:37","slug":"protestos-marcados-para-o-dia-da-abertura-da-copa-preocupam-forcas-armadas","status":"publish","type":"post","link":"https:\/\/www.sincomam.org.br\/index.php\/protestos-marcados-para-o-dia-da-abertura-da-copa-preocupam-forcas-armadas\/","title":{"rendered":"Protestos marcados para o dia da abertura da Copa preocupam For\u00e7as Armadas"},"content":{"rendered":"<p><em><strong>Militares, no entanto, devem acompanhar a movimenta\u00e7\u00e3o de manifestantes \u00e0 dist\u00e2ncia<\/strong><\/em><\/p>\n<p>Os protestos marcados para esta quinta-feira, no Rio, dia da abertura da Copa do Mundo e da estreia do Brasil na competi\u00e7\u00e3o preocupam as For\u00e7as Armadas. Apesar disso, os militares devem acompanhar a dist\u00e2ncia a movimenta\u00e7\u00e3o nas ruas. Uma express\u00e3o usada no futebol pode ser aplicada no caso: os militares prometem ficar apenas no banco de reservas e s\u00f3 devem entrar em campo, se as for\u00e7as estaduais de seguran\u00e7a n\u00e3o conseguirem manter o controle. Foi o que afirmou o major Marco Ferreira, do Ex\u00e9rcito, chefe da Comunica\u00e7\u00e3o do Centro de Coordena\u00e7\u00e3o de Defesa de \u00c1rea (CCDA), montado no pr\u00e9dio do Comando Militar do Leste (CML). O militar garantiu que a ordem \u00e9 s\u00f3 intervir em caso de colapso na seguran\u00e7a p\u00fablica. O CCDA controla a seguran\u00e7a da Copa no Rio.<\/p>\n<p>&#8211; Nosso foco n\u00e3o s\u00e3o as manifesta\u00e7\u00f5es, mas garantir a lei e a ordem. Nas manifesta\u00e7\u00f5es, a primeira linha de frente de defesa \u00e9 formada pela seguran\u00e7a p\u00fablica. N\u00f3s s\u00f3 entramos se houver necessidade e o protesto fugir do controle. Nesse caso, o governo do estado solicita \u00e0 presidente da Rep\u00fablica o emprego das For\u00e7as Armadas dentro dos limites da lei espec\u00edfica \u2014 afirmou o major Marco.<\/p>\n<p>No Rio, as manifesta\u00e7\u00f5es est\u00e3o sendo programadas pelos movimentos sociais e grupos contr\u00e1rios \u00e0 realiza\u00e7\u00e3o da Copa no pa\u00eds. S\u00e3o dois protestos marcados para acontecer em hor\u00e1rios e em pontos diferentes da cidade.<\/p>\n<p>O major do Ex\u00e9rcito disse que depois do incidente com o \u00f4nibus que transportava a sele\u00e7\u00e3o brasileira, do Rio para Teres\u00f3polis, no dia 26 de maio \u2014 o ve\u00edculo foi cercado, empurrado, com muitos tapas na lataria e &#8220;enfeitado&#8221; ainda com dezenas de adesivos com a frase &#8220;n\u00e3o vai ter Copa&#8221; \u2014 a presidente Dilma Rousseff pediu aos militares um refor\u00e7o na seguran\u00e7a das delega\u00e7\u00f5es.<\/p>\n<p>\u2014 O cen\u00e1rio mudou depois daquele dia. A presidente Dilma Rousseff ofereceu aos estados-sedes um refor\u00e7o de militares das For\u00e7as Armadas. Ao Rio e \u00e0s outras cidades-sedes. N\u00f3s, das For\u00e7as Armadas, j\u00e1 estamos atuando \u2014 afirmou o major.<\/p>\n<p>O GLOBO entrou na sala de comando do CCDA que funciona no novo andar do pr\u00e9dio do Comando Militar do Leste, no Centro. Protegido de ataques de hackers, equipamentos de inform\u00e1tica trabalham interligados. H\u00e1 dezenas de computadores, tel\u00f5es e pain\u00e9is monitorando tudo que acontece na cidade, em tempo real. Militares compartilham dados ao lado de policiais federais, civis e militares 24 horas por dia. Os deslocamento de autoridades e das delega\u00e7\u00f5es tamb\u00e9m est\u00e3o sendo acompanhadas do local.<\/p>\n<p>Fonte: O Globo<\/p>\n","protected":false},"excerpt":{"rendered":"<p>Militares, no entanto, devem acompanhar a movimenta\u00e7\u00e3o de manifestantes \u00e0 dist\u00e2ncia Os protestos marcados para esta quinta-feira, no Rio, dia da abertura da Copa do&#8230;<\/p>\n","protected":false},"author":1182,"featured_media":5526,"comment_status":"closed","ping_status":"closed","sticky":false,"template":"","format":"standard","meta":{"footnotes":""},"categories":[6],"tags":[137,894,1377,784],"class_list":["post-6064","post","type-post","status-publish","format-standard","has-post-thumbnail","hentry","category-noticias","tag-copa","tag-forcas-armadas","tag-preocupacao","tag-protesto"],"_links":{"self":[{"href":"https:\/\/www.sincomam.org.br\/index.php\/wp-json\/wp\/v2\/posts\/6064","targetHints":{"allow":["GET"]}}],"collection":[{"href":"https:\/\/www.sincomam.org.br\/index.php\/wp-json\/wp\/v2\/posts"}],"about":[{"href":"https:\/\/www.sincomam.org.br\/index.php\/wp-json\/wp\/v2\/types\/post"}],"author":[{"embeddable":true,"href":"https:\/\/www.sincomam.org.br\/index.php\/wp-json\/wp\/v2\/users\/1182"}],"replies":[{"embeddable":true,"href":"https:\/\/www.sincomam.org.br\/index.php\/wp-json\/wp\/v2\/comments?post=6064"}],"version-history":[{"count":1,"href":"https:\/\/www.sincomam.org.br\/index.php\/wp-json\/wp\/v2\/posts\/6064\/revisions"}],"predecessor-version":[{"id":6065,"href":"https:\/\/www.sincomam.org.br\/index.php\/wp-json\/wp\/v2\/posts\/6064\/revisions\/6065"}],"wp:featuredmedia":[{"embeddable":true,"href":"https:\/\/www.sincomam.org.br\/index.php\/wp-json\/wp\/v2\/media\/5526"}],"wp:attachment":[{"href":"https:\/\/www.sincomam.org.br\/index.php\/wp-json\/wp\/v2\/media?parent=6064"}],"wp:term":[{"taxonomy":"category","embeddable":true,"href":"https:\/\/www.sincomam.org.br\/index.php\/wp-json\/wp\/v2\/categories?post=6064"},{"taxonomy":"post_tag","embeddable":true,"href":"https:\/\/www.sincomam.org.br\/index.php\/wp-json\/wp\/v2\/tags?post=6064"}],"curies":[{"name":"wp","href":"https:\/\/api.w.org\/{rel}","templated":true}]}}