{"id":60631,"date":"2025-08-07T11:37:53","date_gmt":"2025-08-07T14:37:53","guid":{"rendered":"https:\/\/www.sincomam.org.br\/?p=60631"},"modified":"2025-08-07T11:37:53","modified_gmt":"2025-08-07T14:37:53","slug":"porto-de-santos-registra-em-julho-maior-movimento-de-cargas-da-historia","status":"publish","type":"post","link":"https:\/\/www.sincomam.org.br\/index.php\/porto-de-santos-registra-em-julho-maior-movimento-de-cargas-da-historia\/","title":{"rendered":"Porto de Santos registra em julho maior movimento de cargas da hist\u00f3ria"},"content":{"rendered":"<p>O Porto de Santos superou pela primeira vez, em julho de 2025, o n\u00famero de 17 milh\u00f5es de toneladas de cargas movimentadas nos terminais do complexo portu\u00e1rio. Os dados indicam retomada da corrida das exporta\u00e7\u00f5es ap\u00f3s an\u00fancio pelos EUA das tarifas de 50% impostas aos produtos brasileiros. Este movimento pode ser um dos fatores que favoreceram o recorde.<\/p>\n<p>Nota-se nos \u00faltimos dias intenso movimento de navios sendo carregados e seguindo rumo \u00e0 Europa e aos Estados Unidos. Houve aumento de 10% no embarque de gran\u00e9is s\u00f3lidos (gr\u00e3os diversos), com 900 mil toneladas em julho; de 4% de cont\u00eaineres, com 200 mil toneladas no mesmo m\u00eas; 9% de carga solta, com 85 mil toneladas. H\u00e1 ainda a expectativa de um resultado de 10% dos gran\u00e9is l\u00edquidos (combust\u00edveis, solventes etc), ainda n\u00e3o contabilizados.<\/p>\n<p>\u201cEste dado confirma o que j\u00e1 t\u00ednhamos afirmado na primeira quinzena do m\u00eas, de que havia um aumento expressivo dos embarques no Porto\u201d, explica o presidente da Autoridade Portu\u00e1ria de Santos (APS), Anderson Pomini. \u201cS\u00e3o dados preliminares, mas este \u2018recorde dos recordes\u2019 demonstra a import\u00e2ncia de Santos em momentos decisivos da hist\u00f3ria, como este\u201d, completa Pomini.<\/p>\n<p>A estat\u00edstica precisa ainda est\u00e1 em levantamento, uma vez que o Porto de Santos \u00e9 o maior parque portu\u00e1rio da Am\u00e9rica Latina, com mais de 50 terminais, e eles t\u00eam um prazo para enviar os seus dados para a APS. Entretanto, o acompanhamento da opera\u00e7\u00e3o portu\u00e1ria confirma o recorde de movimenta\u00e7\u00e3o.<\/p>\n<p>\u201c\u00c9 um recorde absoluto que atesta a resili\u00eancia e a efici\u00eancia do Porto de Santos. Mesmo com crises externas e fechamento do canal devido a condi\u00e7\u00f5es clim\u00e1ticas, houve crescimento sem gerar qualquer ocorr\u00eancia nas vias de acesso ao longo de todo o m\u00eas de julho\u201d, completa Pomini.<\/p>\n<p>Fonte: Informativo dos Portos<\/p>\n","protected":false},"excerpt":{"rendered":"<p>O Porto de Santos superou pela primeira vez, em julho de 2025, o n\u00famero de 17 milh\u00f5es de toneladas de cargas movimentadas nos terminais do&#8230;<\/p>\n","protected":false},"author":1527,"featured_media":60632,"comment_status":"closed","ping_status":"closed","sticky":false,"template":"","format":"standard","meta":{"footnotes":""},"categories":[6],"tags":[],"class_list":["post-60631","post","type-post","status-publish","format-standard","has-post-thumbnail","hentry","category-noticias"],"_links":{"self":[{"href":"https:\/\/www.sincomam.org.br\/index.php\/wp-json\/wp\/v2\/posts\/60631","targetHints":{"allow":["GET"]}}],"collection":[{"href":"https:\/\/www.sincomam.org.br\/index.php\/wp-json\/wp\/v2\/posts"}],"about":[{"href":"https:\/\/www.sincomam.org.br\/index.php\/wp-json\/wp\/v2\/types\/post"}],"author":[{"embeddable":true,"href":"https:\/\/www.sincomam.org.br\/index.php\/wp-json\/wp\/v2\/users\/1527"}],"replies":[{"embeddable":true,"href":"https:\/\/www.sincomam.org.br\/index.php\/wp-json\/wp\/v2\/comments?post=60631"}],"version-history":[{"count":1,"href":"https:\/\/www.sincomam.org.br\/index.php\/wp-json\/wp\/v2\/posts\/60631\/revisions"}],"predecessor-version":[{"id":60633,"href":"https:\/\/www.sincomam.org.br\/index.php\/wp-json\/wp\/v2\/posts\/60631\/revisions\/60633"}],"wp:featuredmedia":[{"embeddable":true,"href":"https:\/\/www.sincomam.org.br\/index.php\/wp-json\/wp\/v2\/media\/60632"}],"wp:attachment":[{"href":"https:\/\/www.sincomam.org.br\/index.php\/wp-json\/wp\/v2\/media?parent=60631"}],"wp:term":[{"taxonomy":"category","embeddable":true,"href":"https:\/\/www.sincomam.org.br\/index.php\/wp-json\/wp\/v2\/categories?post=60631"},{"taxonomy":"post_tag","embeddable":true,"href":"https:\/\/www.sincomam.org.br\/index.php\/wp-json\/wp\/v2\/tags?post=60631"}],"curies":[{"name":"wp","href":"https:\/\/api.w.org\/{rel}","templated":true}]}}