{"id":60616,"date":"2025-08-07T11:31:30","date_gmt":"2025-08-07T14:31:30","guid":{"rendered":"https:\/\/www.sincomam.org.br\/?p=60616"},"modified":"2025-08-07T11:31:30","modified_gmt":"2025-08-07T14:31:30","slug":"norma-flexibiliza-saida-de-graneleiros-em-paranagua","status":"publish","type":"post","link":"https:\/\/www.sincomam.org.br\/index.php\/norma-flexibiliza-saida-de-graneleiros-em-paranagua\/","title":{"rendered":"Norma flexibiliza sa\u00edda de graneleiros em Paranagu\u00e1"},"content":{"rendered":"<p>A Portos do Paran\u00e1 flexibilizou a Norma de Tr\u00e1fego Mar\u00edtimo e Perman\u00eancia para manobras de desatraca\u00e7\u00e3o nos ber\u00e7os onde s\u00e3o movimentadas, preferencialmente, cargas de gran\u00e9is vegetais s\u00f3lidos de exporta\u00e7\u00e3o, como soja em gr\u00e3o, farelo, milho e a\u00e7\u00facar. A portaria 144\/2025 entrou m vigor na \u00faltima sexta-feira (1), ap\u00f3s aprova\u00e7\u00e3o da praticagem e da Marinha do Brasil, e se aplica aos ber\u00e7os 201, 204, 212, 213 e 214 do Porto de Paranagu\u00e1.<\/p>\n<p>\u201cA expectativa \u00e9 que, com esta mudan\u00e7a, o fluxo de navios seja maior, permitindo crescimento nos n\u00fameros\u201d, afirmou o diretor de opera\u00e7\u00f5es portu\u00e1rias da Portos do Paran\u00e1, Gabriel Vieira. Segundo a autoridade portu\u00e1ria, investimentos em dragagem permitiram o aumento do calado, e a maioria dos ber\u00e7os e dois p\u00ederes passou de 12,8 metros para 13,1 metros.<\/p>\n<p>Com o aumento de 30 cent\u00edmetros no calado em 2024, a capacidade de carregamento dos navios de gran\u00e9is s\u00f3lidos teve acr\u00e9scimo de cerca de 2.000 toneladas, tanto para o recebimento quanto para o embarque. Segundo a autoridade portu\u00e1ria, simula\u00e7\u00f5es de manobras foram feitas para garantir a seguran\u00e7a das embarca\u00e7\u00f5es que deixam o cais, sem restri\u00e7\u00f5es de mar\u00e9 ou corrente.<\/p>\n<p>Fonte: Portos e Navios<\/p>\n","protected":false},"excerpt":{"rendered":"<p>A Portos do Paran\u00e1 flexibilizou a Norma de Tr\u00e1fego Mar\u00edtimo e Perman\u00eancia para manobras de desatraca\u00e7\u00e3o nos ber\u00e7os onde s\u00e3o movimentadas, preferencialmente, cargas de gran\u00e9is&#8230;<\/p>\n","protected":false},"author":1527,"featured_media":60617,"comment_status":"closed","ping_status":"closed","sticky":false,"template":"","format":"standard","meta":{"footnotes":""},"categories":[6],"tags":[],"class_list":["post-60616","post","type-post","status-publish","format-standard","has-post-thumbnail","hentry","category-noticias"],"_links":{"self":[{"href":"https:\/\/www.sincomam.org.br\/index.php\/wp-json\/wp\/v2\/posts\/60616","targetHints":{"allow":["GET"]}}],"collection":[{"href":"https:\/\/www.sincomam.org.br\/index.php\/wp-json\/wp\/v2\/posts"}],"about":[{"href":"https:\/\/www.sincomam.org.br\/index.php\/wp-json\/wp\/v2\/types\/post"}],"author":[{"embeddable":true,"href":"https:\/\/www.sincomam.org.br\/index.php\/wp-json\/wp\/v2\/users\/1527"}],"replies":[{"embeddable":true,"href":"https:\/\/www.sincomam.org.br\/index.php\/wp-json\/wp\/v2\/comments?post=60616"}],"version-history":[{"count":1,"href":"https:\/\/www.sincomam.org.br\/index.php\/wp-json\/wp\/v2\/posts\/60616\/revisions"}],"predecessor-version":[{"id":60618,"href":"https:\/\/www.sincomam.org.br\/index.php\/wp-json\/wp\/v2\/posts\/60616\/revisions\/60618"}],"wp:featuredmedia":[{"embeddable":true,"href":"https:\/\/www.sincomam.org.br\/index.php\/wp-json\/wp\/v2\/media\/60617"}],"wp:attachment":[{"href":"https:\/\/www.sincomam.org.br\/index.php\/wp-json\/wp\/v2\/media?parent=60616"}],"wp:term":[{"taxonomy":"category","embeddable":true,"href":"https:\/\/www.sincomam.org.br\/index.php\/wp-json\/wp\/v2\/categories?post=60616"},{"taxonomy":"post_tag","embeddable":true,"href":"https:\/\/www.sincomam.org.br\/index.php\/wp-json\/wp\/v2\/tags?post=60616"}],"curies":[{"name":"wp","href":"https:\/\/api.w.org\/{rel}","templated":true}]}}