{"id":60613,"date":"2025-08-06T13:58:34","date_gmt":"2025-08-06T16:58:34","guid":{"rendered":"https:\/\/www.sincomam.org.br\/?p=60613"},"modified":"2025-08-06T13:58:34","modified_gmt":"2025-08-06T16:58:34","slug":"cop30-anuncia-conselho-para-adaptacao-as-mudancas-climaticas","status":"publish","type":"post","link":"https:\/\/www.sincomam.org.br\/index.php\/cop30-anuncia-conselho-para-adaptacao-as-mudancas-climaticas\/","title":{"rendered":"COP30 anuncia conselho para adapta\u00e7\u00e3o \u00e0s mudan\u00e7as clim\u00e1ticas"},"content":{"rendered":"<p>O presidente da 30\u00aa Confer\u00eancia das Na\u00e7\u00f5es Unidas sobre Mudan\u00e7as Clim\u00e1ticas (COP30), o embaixador Andr\u00e9 Corr\u00eaa do Lago, anunciou nesta ter\u00e7a-feira (5) a formaliza\u00e7\u00e3o de um conselho para discutir com a sociedade e autoridades locais solu\u00e7\u00f5es para a adapta\u00e7\u00e3o \u00e0s mudan\u00e7as clim\u00e1ticas.<\/p>\n<p>Corr\u00eaa do Lago reafirmou que a quest\u00e3o da adapta\u00e7\u00e3o \u00e0s mudan\u00e7as do clima ser\u00e1 um dos temas principais da COP30, que ocorrer\u00e1 em novembro, em Bel\u00e9m, no Par\u00e1. <\/p>\n<p>\u201cO conselho de adapta\u00e7\u00e3o para a COP30 inclui v\u00e1rias personalidades brasileiras que v\u00e3o nos apoiar nesse di\u00e1logo com a sociedade civil e com as autoridades locais\u201d, disse Lago, em evento da Insper.<\/p>\n<p>O embaixador falou via teleconfer\u00eancia ao evento, que ocorreu em S\u00e3o Paulo.<\/p>\n<p>Entre os membros do conselho, Lago citou a secret\u00e1ria-executiva para Am\u00e9rica do Sul no ICLEI (Governos Locais pela Sustentabilidade), Jussara Carvalho; o cientista peruano Jos\u00e9 Marengo; a diretora-executiva da Organiza\u00e7\u00e3o do Tratado de Coopera\u00e7\u00e3o Amaz\u00f4nica (OTCA), Vanessa Grazziotin; e Ellen Johnson-Sirleaf, ex-presidente da Lib\u00e9ria. <\/p>\n<p>\u201cN\u00f3s temos que definir globalmente 100 indicadores que v\u00e3o passar a ser a refer\u00eancia para n\u00f3s compreendermos o que se deve fazer com adapta\u00e7\u00e3o. Depois de Bel\u00e9m, a adapta\u00e7\u00e3o vai ter um guia, vai ter tipo um mapa do caminho das principais preocupa\u00e7\u00f5es que os 196 pa\u00edses que participam da negocia\u00e7\u00e3o concordam que s\u00e3o priorit\u00e1rios\u201d, afirmou Lago. <\/p>\n<p><strong>Infraestrutura<\/strong><br \/>\nO embaixador destacou ainda que o governo brasileiro est\u00e1 trabalhando para que os pre\u00e7os da hospedagem nos hot\u00e9is em Bel\u00e9m n\u00e3o afetem a presen\u00e7a de todas as delega\u00e7\u00f5es no evento. <\/p>\n<p>\u201cO meu interesse, obviamente, \u00e9 impedir que os pre\u00e7os dos hot\u00e9is interfiram na presen\u00e7a de todas as delega\u00e7\u00f5es em Bel\u00e9m, porque se n\u00f3s n\u00e3o tivermos todas as delega\u00e7\u00f5es em Bel\u00e9m, voc\u00ea pode ter um questionamento sobre a legitimidade do que n\u00f3s negociamos, porque alguns pa\u00edses n\u00e3o ter\u00e3o podido ir por causa de pre\u00e7o de hotel\u201d, disse.<\/p>\n<p>Fonte: Ag\u00eancia Brasil<\/p>\n","protected":false},"excerpt":{"rendered":"<p>O presidente da 30\u00aa Confer\u00eancia das Na\u00e7\u00f5es Unidas sobre Mudan\u00e7as Clim\u00e1ticas (COP30), o embaixador Andr\u00e9 Corr\u00eaa do Lago, anunciou nesta ter\u00e7a-feira (5) a formaliza\u00e7\u00e3o de&#8230;<\/p>\n","protected":false},"author":1527,"featured_media":60614,"comment_status":"closed","ping_status":"closed","sticky":false,"template":"","format":"standard","meta":{"footnotes":""},"categories":[6],"tags":[],"class_list":["post-60613","post","type-post","status-publish","format-standard","has-post-thumbnail","hentry","category-noticias"],"_links":{"self":[{"href":"https:\/\/www.sincomam.org.br\/index.php\/wp-json\/wp\/v2\/posts\/60613","targetHints":{"allow":["GET"]}}],"collection":[{"href":"https:\/\/www.sincomam.org.br\/index.php\/wp-json\/wp\/v2\/posts"}],"about":[{"href":"https:\/\/www.sincomam.org.br\/index.php\/wp-json\/wp\/v2\/types\/post"}],"author":[{"embeddable":true,"href":"https:\/\/www.sincomam.org.br\/index.php\/wp-json\/wp\/v2\/users\/1527"}],"replies":[{"embeddable":true,"href":"https:\/\/www.sincomam.org.br\/index.php\/wp-json\/wp\/v2\/comments?post=60613"}],"version-history":[{"count":1,"href":"https:\/\/www.sincomam.org.br\/index.php\/wp-json\/wp\/v2\/posts\/60613\/revisions"}],"predecessor-version":[{"id":60615,"href":"https:\/\/www.sincomam.org.br\/index.php\/wp-json\/wp\/v2\/posts\/60613\/revisions\/60615"}],"wp:featuredmedia":[{"embeddable":true,"href":"https:\/\/www.sincomam.org.br\/index.php\/wp-json\/wp\/v2\/media\/60614"}],"wp:attachment":[{"href":"https:\/\/www.sincomam.org.br\/index.php\/wp-json\/wp\/v2\/media?parent=60613"}],"wp:term":[{"taxonomy":"category","embeddable":true,"href":"https:\/\/www.sincomam.org.br\/index.php\/wp-json\/wp\/v2\/categories?post=60613"},{"taxonomy":"post_tag","embeddable":true,"href":"https:\/\/www.sincomam.org.br\/index.php\/wp-json\/wp\/v2\/tags?post=60613"}],"curies":[{"name":"wp","href":"https:\/\/api.w.org\/{rel}","templated":true}]}}