{"id":60582,"date":"2025-08-05T12:00:13","date_gmt":"2025-08-05T15:00:13","guid":{"rendered":"https:\/\/www.sincomam.org.br\/?p=60582"},"modified":"2025-08-05T12:00:13","modified_gmt":"2025-08-05T15:00:13","slug":"brasil-colombia-e-peru-participam-de-operacao-inedita-de-controle-fluvial","status":"publish","type":"post","link":"https:\/\/www.sincomam.org.br\/index.php\/brasil-colombia-e-peru-participam-de-operacao-inedita-de-controle-fluvial\/","title":{"rendered":"Brasil, Col\u00f4mbia e Peru participam de opera\u00e7\u00e3o in\u00e9dita de controle fluvial"},"content":{"rendered":"<p>A Marinha do Brasil (MB) realizou de forma in\u00e9dita uma opera\u00e7\u00e3o combinada de controle fluvial em coordena\u00e7\u00e3o com a Armada da Rep\u00fablica da Col\u00f4mbia (ARC) e a Marinha de Guerra do Peru (MGP), na tr\u00edplice fronteira, nos dias 1 e 2 de agosto. Mais de 200 embarca\u00e7\u00f5es foram abordadas e inspecionadas no per\u00edodo. Al\u00e9m de aprimorar a integra\u00e7\u00e3o e o adestramento das tropas, a coleta de informa\u00e7\u00f5es foi significativa para o planejamento de a\u00e7\u00f5es futuras.<\/p>\n<p>A opera\u00e7\u00e3o combinada envolveu troca de informa\u00e7\u00f5es de intelig\u00eancia, coordena\u00e7\u00e3o de esfor\u00e7os e interoperabilidade. A a\u00e7\u00e3o teve como objetivo fortalecer a presen\u00e7a e o monitoramento em rios estrat\u00e9gicos da regi\u00e3o amaz\u00f4nica, de forma a contribuir com a seguran\u00e7a da navega\u00e7\u00e3o, combater crimes transfronteiri\u00e7os (como tr\u00e1fico de drogas, contrabando e pesca ilegal) e proteger as popula\u00e7\u00f5es ind\u00edgenas e ribeirinhas.<\/p>\n<p>O Comandante do 9\u00ba Distrito Naval, Vice-Almirante Jo\u00e3o Alberto de Araujo Lampert, explicou que a a\u00e7\u00e3o foi idealizada dentro da Opera\u00e7\u00e3o \u201cBRACOLPER\u201d, iniciada no dia 18 de julho. Um Centro de Coordena\u00e7\u00e3o Operacional foi estabelecido na Capitania Fluvial de Tabatinga e no Navio-Patrulha Fluvial (NPaFlu) \u201cRaposo Tavares\u201d.<\/p>\n<p>Tamb\u00e9m foram empregados o Navio-Patrulha Fluvial \u201cRond\u00f4nia\u201d, uma aeronave do 1\u00ba Esquadr\u00e3o de Helic\u00f3pteros de Emprego Geral do Noroeste, lanchas da Capitania Fluvial de Tabatinga, os navios ARC \u201cReyes\u201d e ARC \u201cArauca\u201d, da Col\u00f4mbia, e o BAP \u201cCastilla\u201d, do Peru, al\u00e9m das Guardas Costeiras e Capitanias dos pa\u00edses estrangeiros.<\/p>\n<p><strong>51 anos de Opera\u00e7\u00e3o BRACOLPER<\/strong><br \/>\nNeste ano, a Opera\u00e7\u00e3o \u201cBRACOLPER\u201d completou 51 anos. Desde sua primeira edi\u00e7\u00e3o, em 1974, a \u201cBRACOLPER\u201d evoluiu de um car\u00e1ter mais diplom\u00e1tico e protocolar para a\u00e7\u00f5es cada vez mais operativas. O tradicional treinamento multinacional \u00e9 realizado com intuito de fortalecer a interoperabilidade, a confian\u00e7a entre os pa\u00edses e para refor\u00e7ar os la\u00e7os de amizade.<\/p>\n<p>Na primeira fase, entre 18 e 22 de julho, as atividades aconteceram na cidade de Let\u00edcia, na Col\u00f4mbia, e na segunda, entre 25 e 30 de julho, os esfor\u00e7os foram concentrados na cidade de Iquitos, no Peru. A terceira fase ser\u00e1 realizada em Manaus (AM), em setembro.<\/p>\n<p>Fonte: Ag\u00eancia Marinha de Not\u00edcias<\/p>\n","protected":false},"excerpt":{"rendered":"<p>A Marinha do Brasil (MB) realizou de forma in\u00e9dita uma opera\u00e7\u00e3o combinada de controle fluvial em coordena\u00e7\u00e3o com a Armada da Rep\u00fablica da Col\u00f4mbia (ARC)&#8230;<\/p>\n","protected":false},"author":1527,"featured_media":60583,"comment_status":"closed","ping_status":"closed","sticky":false,"template":"","format":"standard","meta":{"footnotes":""},"categories":[6],"tags":[],"class_list":["post-60582","post","type-post","status-publish","format-standard","has-post-thumbnail","hentry","category-noticias"],"_links":{"self":[{"href":"https:\/\/www.sincomam.org.br\/index.php\/wp-json\/wp\/v2\/posts\/60582","targetHints":{"allow":["GET"]}}],"collection":[{"href":"https:\/\/www.sincomam.org.br\/index.php\/wp-json\/wp\/v2\/posts"}],"about":[{"href":"https:\/\/www.sincomam.org.br\/index.php\/wp-json\/wp\/v2\/types\/post"}],"author":[{"embeddable":true,"href":"https:\/\/www.sincomam.org.br\/index.php\/wp-json\/wp\/v2\/users\/1527"}],"replies":[{"embeddable":true,"href":"https:\/\/www.sincomam.org.br\/index.php\/wp-json\/wp\/v2\/comments?post=60582"}],"version-history":[{"count":1,"href":"https:\/\/www.sincomam.org.br\/index.php\/wp-json\/wp\/v2\/posts\/60582\/revisions"}],"predecessor-version":[{"id":60584,"href":"https:\/\/www.sincomam.org.br\/index.php\/wp-json\/wp\/v2\/posts\/60582\/revisions\/60584"}],"wp:featuredmedia":[{"embeddable":true,"href":"https:\/\/www.sincomam.org.br\/index.php\/wp-json\/wp\/v2\/media\/60583"}],"wp:attachment":[{"href":"https:\/\/www.sincomam.org.br\/index.php\/wp-json\/wp\/v2\/media?parent=60582"}],"wp:term":[{"taxonomy":"category","embeddable":true,"href":"https:\/\/www.sincomam.org.br\/index.php\/wp-json\/wp\/v2\/categories?post=60582"},{"taxonomy":"post_tag","embeddable":true,"href":"https:\/\/www.sincomam.org.br\/index.php\/wp-json\/wp\/v2\/tags?post=60582"}],"curies":[{"name":"wp","href":"https:\/\/api.w.org\/{rel}","templated":true}]}}