{"id":60576,"date":"2025-08-05T11:46:28","date_gmt":"2025-08-05T14:46:28","guid":{"rendered":"https:\/\/www.sincomam.org.br\/?p=60576"},"modified":"2025-08-05T11:46:28","modified_gmt":"2025-08-05T14:46:28","slug":"nr-1-para-os-trabalhadores-maritimos-uma-nova-atencao-a-saude-mental-a-bordo","status":"publish","type":"post","link":"https:\/\/www.sincomam.org.br\/index.php\/nr-1-para-os-trabalhadores-maritimos-uma-nova-atencao-a-saude-mental-a-bordo\/","title":{"rendered":"NR-1 para os trabalhadores mar\u00edtimos: uma nova aten\u00e7\u00e3o \u00e0 sa\u00fade mental a bordo"},"content":{"rendered":"<p>Sabemos dos impactos da sa\u00fade mental para trabalhadores mar\u00edtimos: s\u00e3o antigos conhecidos de quem passa grande parte da vida no mar. E n\u00e3o \u00e9 s\u00f3 um desafio para os trabalhadores: \u00e9 um desafio ainda maior para os gestores e os RHs das empresas.<\/p>\n<p>Dist\u00e2ncia da fam\u00edlia, isolamento social, carga excessiva de trabalho e noites mal dormidas comp\u00f5em um cen\u00e1rio desafiador que, muitas vezes, leva ao desenvolvimento de transtornos como ansiedade, estresse e depress\u00e3o entre outros males.<\/p>\n<p>Jornadas prolongadas, redu\u00e7\u00e3o no n\u00famero de tripulantes, instabilidade financeira e regras r\u00edgidas de disciplina criam um ambiente de constante press\u00e3o. Durante a pandemia, por exemplo, muitos mar\u00edtimos ficaram meses sem poder desembarcar, agravando ainda mais o quadro de esgotamento f\u00edsico e emocional.<\/p>\n<p>Embora o cen\u00e1rio tenha evolu\u00eddo com o tempo, muitos desafios persistem. O cotidiano a bordo continua marcado por espa\u00e7os confinados, conviv\u00eancia intensa com a tripula\u00e7\u00e3o, priva\u00e7\u00e3o de sono e, frequentemente, trabalho noturno e por turnos. A tudo isso, soma-se a press\u00e3o por produtividade e o cumprimento de prazos r\u00edgidos de embarque e desembarque. O resultado \u00e9 um ambiente que exige aten\u00e7\u00e3o redobrada \u00e0 sa\u00fade mental.<\/p>\n<p><strong>A crise da sa\u00fade mental no trabalho<\/strong><\/p>\n<p>O cen\u00e1rio n\u00e3o \u00e9 exclusivo do setor mar\u00edtimo. Em 2024, o Brasil registrou quase meio milh\u00e3o de afastamentos por quest\u00f5es psicol\u00f3gicas, o maior n\u00famero da d\u00e9cada, segundo o Minist\u00e9rio da Previd\u00eancia Social. Especialistas apontam a sobrecarga, os impactos da pandemia e a falta de a\u00e7\u00f5es preventivas como principais causas.<\/p>\n<p>Diante disso, o Minist\u00e9rio do Trabalho atualizou a Norma Regulamentadora n\u00ba 1 (NR-1), que entra em vigor entre 2025 e 2026. Pela primeira vez, a norma inclui a obrigatoriedade de gerenciamento de riscos psicossociais no ambiente de trabalho.<\/p>\n<p>Por que a NR-1 \u00e9 t\u00e3o relevante para o setor portu\u00e1rio e mar\u00edtimo?<\/p>\n<p>Esse setor opera em um dos ambientes mais complexos do mundo do trabalho. Alguns desafios incluem:<\/p>\n<p>Trabalho embarcado: condi\u00e7\u00f5es adversas, turnos longos, confinamento e dist\u00e2ncia da fam\u00edlia afetam diretamente a sa\u00fade mental e f\u00edsica da tripula\u00e7\u00e3o.<br \/>\nOpera\u00e7\u00f5es de carga e descarga: m\u00e1quinas pesadas, movimenta\u00e7\u00e3o de cont\u00eaineres, uso de guindastes e empilhadeiras aumentam os riscos de acidentes.<br \/>\nCondi\u00e7\u00f5es clim\u00e1ticas e mar\u00edtimas: a natureza \u00e9 imprevis\u00edvel. Ventos fortes, mar agitado e calor extremo exigem protocolos rigorosos de seguran\u00e7a.<br \/>\nFatores psicossociais: a press\u00e3o por produtividade, a solid\u00e3o a bordo e o estresse das opera\u00e7\u00f5es portu\u00e1rias s\u00e3o fatores muitas vezes invis\u00edveis, mas profundamente impactantes.<\/p>\n<p>Log\u00edstica intensa e prazos apertados: o ritmo acelerado para atender rotas e contratos pode comprometer pausas, aten\u00e7\u00e3o e cuidados essenciais com a sa\u00fade.<br \/>\nO que muda com a atualiza\u00e7\u00e3o da NR-1?<\/p>\n<p>Essa mudan\u00e7a impacta diretamente o setor portu\u00e1rio e aquavi\u00e1rio, exigindo que todas as empresas implementem um processo cont\u00ednuo e sistem\u00e1tico de identifica\u00e7\u00e3o, avalia\u00e7\u00e3o e controle de riscos ocupacionais.<\/p>\n<p>A grande virada da nova NR-1 \u00e9 o foco no GRO: um sistema de gest\u00e3o cont\u00ednua que exige das empresas uma postura mais ativa na identifica\u00e7\u00e3o, avalia\u00e7\u00e3o e controle dos riscos ocupacionais.<\/p>\n<p>Na \u00e1rea de Portos e Navios, isso significa ir muito al\u00e9m dos EPIs ou das inspe\u00e7\u00f5es pontuais: \u00e9 preciso mapear perigos reais e din\u00e2micos e atuar antes que eles se transformem em acidentes ou doen\u00e7as.<\/p>\n<p><strong>O GRO exige um ciclo constante de:<\/strong><\/p>\n<p>Identifica\u00e7\u00e3o de perigos: ru\u00eddos intensos, espa\u00e7os confinados, exposi\u00e7\u00e3o a agentes qu\u00edmicos, riscos de queda, choque t\u00e9rmico, etc.<br \/>\nAvalia\u00e7\u00e3o de riscos: qual a probabilidade de um acidente? Qual seria o impacto?<br \/>\nControle de riscos: desde treinamento at\u00e9 solu\u00e7\u00f5es de engenharia.<br \/>\nMonitoramento cont\u00ednuo: o ambiente muda, os riscos tamb\u00e9m. O controle precisa acompanhar.<br \/>\nCom a nova NR-1, mapear e gerenciar riscos psicossociais n\u00e3o \u00e9 mais opcional e passa a ser uma obriga\u00e7\u00e3o legal. As empresas do setor devem adotar medidas preventivas, educativas e de monitoramento cont\u00ednuo para minimizar os impactos \u00e0 sa\u00fade mental. Isso inclui treinamentos, canais de escuta, gest\u00e3o humanizada e a\u00e7\u00f5es espec\u00edficas para melhorar a qualidade de vida dos trabalhadores mar\u00edtimos.<\/p>\n<p>A norma tamb\u00e9m refor\u00e7a a responsabilidade compartilhada entre operadores portu\u00e1rios, empregadores e administra\u00e7\u00e3o portu\u00e1ria na elabora\u00e7\u00e3o, implementa\u00e7\u00e3o e revis\u00e3o dos programas de preven\u00e7\u00e3o. A cultura organizacional precisa acompanhar essa mudan\u00e7a.<\/p>\n<p>A vida a bordo e no ambiente portu\u00e1rio imp\u00f5e desafios que v\u00e3o muito al\u00e9m das condi\u00e7\u00f5es f\u00edsicas de trabalho, afetando profundamente o equil\u00edbrio emocional dos profissionais. Garantir a sa\u00fade mental dos mar\u00edtimos e portu\u00e1rios \u00e9 um compromisso que exige aten\u00e7\u00e3o cont\u00ednua, di\u00e1logo aberto e a\u00e7\u00f5es concretas.<\/p>\n<p>Fonte: Portos e Navios<\/p>\n","protected":false},"excerpt":{"rendered":"<p>Sabemos dos impactos da sa\u00fade mental para trabalhadores mar\u00edtimos: s\u00e3o antigos conhecidos de quem passa grande parte da vida no mar. E n\u00e3o \u00e9 s\u00f3&#8230;<\/p>\n","protected":false},"author":1527,"featured_media":60577,"comment_status":"closed","ping_status":"closed","sticky":false,"template":"","format":"standard","meta":{"footnotes":""},"categories":[6],"tags":[],"class_list":["post-60576","post","type-post","status-publish","format-standard","has-post-thumbnail","hentry","category-noticias"],"_links":{"self":[{"href":"https:\/\/www.sincomam.org.br\/index.php\/wp-json\/wp\/v2\/posts\/60576","targetHints":{"allow":["GET"]}}],"collection":[{"href":"https:\/\/www.sincomam.org.br\/index.php\/wp-json\/wp\/v2\/posts"}],"about":[{"href":"https:\/\/www.sincomam.org.br\/index.php\/wp-json\/wp\/v2\/types\/post"}],"author":[{"embeddable":true,"href":"https:\/\/www.sincomam.org.br\/index.php\/wp-json\/wp\/v2\/users\/1527"}],"replies":[{"embeddable":true,"href":"https:\/\/www.sincomam.org.br\/index.php\/wp-json\/wp\/v2\/comments?post=60576"}],"version-history":[{"count":1,"href":"https:\/\/www.sincomam.org.br\/index.php\/wp-json\/wp\/v2\/posts\/60576\/revisions"}],"predecessor-version":[{"id":60578,"href":"https:\/\/www.sincomam.org.br\/index.php\/wp-json\/wp\/v2\/posts\/60576\/revisions\/60578"}],"wp:featuredmedia":[{"embeddable":true,"href":"https:\/\/www.sincomam.org.br\/index.php\/wp-json\/wp\/v2\/media\/60577"}],"wp:attachment":[{"href":"https:\/\/www.sincomam.org.br\/index.php\/wp-json\/wp\/v2\/media?parent=60576"}],"wp:term":[{"taxonomy":"category","embeddable":true,"href":"https:\/\/www.sincomam.org.br\/index.php\/wp-json\/wp\/v2\/categories?post=60576"},{"taxonomy":"post_tag","embeddable":true,"href":"https:\/\/www.sincomam.org.br\/index.php\/wp-json\/wp\/v2\/tags?post=60576"}],"curies":[{"name":"wp","href":"https:\/\/api.w.org\/{rel}","templated":true}]}}