{"id":60573,"date":"2025-08-05T11:42:44","date_gmt":"2025-08-05T14:42:44","guid":{"rendered":"https:\/\/www.sincomam.org.br\/?p=60573"},"modified":"2025-08-05T11:42:44","modified_gmt":"2025-08-05T14:42:44","slug":"cooperaportos-deste-ano-tratara-de-portos-sustentaveis-e-o-compromisso-com-a-agenda-2030","status":"publish","type":"post","link":"https:\/\/www.sincomam.org.br\/index.php\/cooperaportos-deste-ano-tratara-de-portos-sustentaveis-e-o-compromisso-com-a-agenda-2030\/","title":{"rendered":"CooperaPortos deste ano tratar\u00e1 de portos sustent\u00e1veis e o compromisso com a Agenda 2030"},"content":{"rendered":"<p>A Ag\u00eancia Nacional de Transportes Aquavi\u00e1rios (ANTAQ) e a Portonave v\u00e3o realizar o XXXII CooperaPortos entre os dias 20 e 22 de agosto em Itaja\u00ed (SC).<\/p>\n<p>O tema deste ano \u00e9 \u201cPortos Sustent\u00e1veis: Compromisso com a Agenda 2030\u201d. Entre os assuntos que v\u00e3o ser debatidos est\u00e3o adapta\u00e7\u00e3o de infraestrutura portu\u00e1ria frente \u00e0s mudan\u00e7as clim\u00e1ticas, resili\u00eancia clim\u00e1tica, descarboniza\u00e7\u00e3o mar\u00edtima, incentivos fiscais, entre outros.<\/p>\n<p>O CooperaPortos \u00e9 uma iniciativa priorit\u00e1ria da agenda ambiental da Ag\u00eancia e objetiva promover o di\u00e1logo entre os diversos atores da gest\u00e3o portu\u00e1ria, possibilitando o debate e a busca de solu\u00e7\u00f5es para a atua\u00e7\u00e3o dos portos frente aos desafios de sua opera\u00e7\u00e3o, bem como a troca de experi\u00eancia e de difus\u00e3o de boas pr\u00e1ticas, al\u00e9m do di\u00e1logo interinstitucional.<\/p>\n<p>O evento contar\u00e1 com a presen\u00e7a de representantes dos setores p\u00fablico e privado e ocorrer\u00e1 de forma h\u00edbrida. <\/p>\n<p>O XXXII Cooperaportos \u00e9 realizado no contexto do Protocolo de Inten\u00e7\u00f5es firmado entre a ANTAQ e a Associa\u00e7\u00e3o Brasileira das Entidades Portu\u00e1rias e Hidrovi\u00e1rias (ABEPH), a Associa\u00e7\u00e3o de Terminais Portu\u00e1rios Privados (ATP) e a Associa\u00e7\u00e3o Brasileira dos Terminais Portu\u00e1rios (ABTP) com o intuito de promover interc\u00e2mbio de informa\u00e7\u00f5es para o desenvolvimento de projetos, iniciativas e de boas pr\u00e1ticas. Al\u00e9m disso, o evento conta com a parceria com o Minist\u00e9rio de Portos e Aeroportos.<\/p>\n<p>Fonte: Antaq<\/p>\n","protected":false},"excerpt":{"rendered":"<p>A Ag\u00eancia Nacional de Transportes Aquavi\u00e1rios (ANTAQ) e a Portonave v\u00e3o realizar o XXXII CooperaPortos entre os dias 20 e 22 de agosto em Itaja\u00ed&#8230;<\/p>\n","protected":false},"author":1527,"featured_media":60574,"comment_status":"closed","ping_status":"closed","sticky":false,"template":"","format":"standard","meta":{"footnotes":""},"categories":[6],"tags":[],"class_list":["post-60573","post","type-post","status-publish","format-standard","has-post-thumbnail","hentry","category-noticias"],"_links":{"self":[{"href":"https:\/\/www.sincomam.org.br\/index.php\/wp-json\/wp\/v2\/posts\/60573","targetHints":{"allow":["GET"]}}],"collection":[{"href":"https:\/\/www.sincomam.org.br\/index.php\/wp-json\/wp\/v2\/posts"}],"about":[{"href":"https:\/\/www.sincomam.org.br\/index.php\/wp-json\/wp\/v2\/types\/post"}],"author":[{"embeddable":true,"href":"https:\/\/www.sincomam.org.br\/index.php\/wp-json\/wp\/v2\/users\/1527"}],"replies":[{"embeddable":true,"href":"https:\/\/www.sincomam.org.br\/index.php\/wp-json\/wp\/v2\/comments?post=60573"}],"version-history":[{"count":1,"href":"https:\/\/www.sincomam.org.br\/index.php\/wp-json\/wp\/v2\/posts\/60573\/revisions"}],"predecessor-version":[{"id":60575,"href":"https:\/\/www.sincomam.org.br\/index.php\/wp-json\/wp\/v2\/posts\/60573\/revisions\/60575"}],"wp:featuredmedia":[{"embeddable":true,"href":"https:\/\/www.sincomam.org.br\/index.php\/wp-json\/wp\/v2\/media\/60574"}],"wp:attachment":[{"href":"https:\/\/www.sincomam.org.br\/index.php\/wp-json\/wp\/v2\/media?parent=60573"}],"wp:term":[{"taxonomy":"category","embeddable":true,"href":"https:\/\/www.sincomam.org.br\/index.php\/wp-json\/wp\/v2\/categories?post=60573"},{"taxonomy":"post_tag","embeddable":true,"href":"https:\/\/www.sincomam.org.br\/index.php\/wp-json\/wp\/v2\/tags?post=60573"}],"curies":[{"name":"wp","href":"https:\/\/api.w.org\/{rel}","templated":true}]}}