{"id":6057,"date":"2014-06-12T09:20:25","date_gmt":"2014-06-12T12:20:25","guid":{"rendered":"http:\/\/www.sincomam.org.br\/?p=6057"},"modified":"2014-06-12T09:30:17","modified_gmt":"2014-06-12T12:30:17","slug":"navios-continuam-sem-conseguir-entrar-no-complexo-portuario-de-itajai","status":"publish","type":"post","link":"https:\/\/www.sincomam.org.br\/index.php\/navios-continuam-sem-conseguir-entrar-no-complexo-portuario-de-itajai\/","title":{"rendered":"Navios continuam sem conseguir entrar no complexo portu\u00e1rio de Itaja\u00ed"},"content":{"rendered":"<p>O Complexo Portu\u00e1rio de Itaja\u00ed, que congrega o porto do munic\u00edpio e tamb\u00e9m o de Navegantes, no Vale, est\u00e1 fechado para entrada de navios. Segundo a assessoria de imprensa, por causa da forte correnteza, embarca\u00e7\u00f5es n\u00e3o conseguem acessar a \u00e1rea desde o \u00faltimo final de semana.<\/p>\n<p>O relat\u00f3rio de programa\u00e7\u00e3o do complexo indicava \u00e0s 21h40 desta \u00faltima ter\u00e7a-feira (10) que haviam cinco embarca\u00e7\u00f5es ao largo, ou seja, aguardando libera\u00e7\u00e3o para atracar no porto. A assessoria de imprensa indicou que uma delas desviou rota para Paranagu\u00e1 onde far\u00e1 escala.<\/p>\n<p>O fechamento ocorre devido \u00e0 forte correnteza do Rio Itaja\u00ed-A\u00e7\u00fa, que recebe todo o aporte de \u00e1gua vindo da regi\u00e3o do Vale. A expectativa \u00e9 de que o canal de acesso volte a ter condi\u00e7\u00f5es de receber embarca\u00e7\u00f5es a partir desta quarta (11). A libera\u00e7\u00e3o depende das condi\u00e7\u00f5es clim\u00e1ticas e do aval da Capitania dos Portos. A previs\u00e3o \u00e9 que o trecho seja liberado ainda na \u00faltima ter\u00e7a-feira.<\/p>\n<p><strong>Chuvas em SC<\/strong><\/p>\n<p>Segundo a Defesa Civil de Santa Catarina, 19 munic\u00edpios decretaram situa\u00e7\u00e3o de emerg\u00eancia devido \u00e0s chuvas que ca\u00edram no estado desde sexta (6). Outros dois decretaram calamidade p\u00fablica, al\u00e9m deles, Presidente Get\u00falio tamb\u00e9m informou ter assinado o decreto, mas a comunica\u00e7\u00e3o n\u00e3o foi oficializada pela Defesa Civil estadual. O \u00f3rg\u00e3o informou que cerca de 20 mil pessoas foram atingidas, entre desalojadas e desabrigadas, em 36 cidades.<\/p>\n<p>Fonte: G1\/ SC<\/p>\n","protected":false},"excerpt":{"rendered":"<p>O Complexo Portu\u00e1rio de Itaja\u00ed, que congrega o porto do munic\u00edpio e tamb\u00e9m o de Navegantes, no Vale, est\u00e1 fechado para entrada de navios. Segundo&#8230;<\/p>\n","protected":false},"author":1182,"featured_media":5688,"comment_status":"closed","ping_status":"closed","sticky":false,"template":"","format":"standard","meta":{"footnotes":""},"categories":[6],"tags":[1374,129,291,117],"class_list":["post-6057","post","type-post","status-publish","format-standard","has-post-thumbnail","hentry","category-noticias","tag-barreira","tag-complexo","tag-itajai","tag-navios"],"_links":{"self":[{"href":"https:\/\/www.sincomam.org.br\/index.php\/wp-json\/wp\/v2\/posts\/6057","targetHints":{"allow":["GET"]}}],"collection":[{"href":"https:\/\/www.sincomam.org.br\/index.php\/wp-json\/wp\/v2\/posts"}],"about":[{"href":"https:\/\/www.sincomam.org.br\/index.php\/wp-json\/wp\/v2\/types\/post"}],"author":[{"embeddable":true,"href":"https:\/\/www.sincomam.org.br\/index.php\/wp-json\/wp\/v2\/users\/1182"}],"replies":[{"embeddable":true,"href":"https:\/\/www.sincomam.org.br\/index.php\/wp-json\/wp\/v2\/comments?post=6057"}],"version-history":[{"count":1,"href":"https:\/\/www.sincomam.org.br\/index.php\/wp-json\/wp\/v2\/posts\/6057\/revisions"}],"predecessor-version":[{"id":6058,"href":"https:\/\/www.sincomam.org.br\/index.php\/wp-json\/wp\/v2\/posts\/6057\/revisions\/6058"}],"wp:featuredmedia":[{"embeddable":true,"href":"https:\/\/www.sincomam.org.br\/index.php\/wp-json\/wp\/v2\/media\/5688"}],"wp:attachment":[{"href":"https:\/\/www.sincomam.org.br\/index.php\/wp-json\/wp\/v2\/media?parent=6057"}],"wp:term":[{"taxonomy":"category","embeddable":true,"href":"https:\/\/www.sincomam.org.br\/index.php\/wp-json\/wp\/v2\/categories?post=6057"},{"taxonomy":"post_tag","embeddable":true,"href":"https:\/\/www.sincomam.org.br\/index.php\/wp-json\/wp\/v2\/tags?post=6057"}],"curies":[{"name":"wp","href":"https:\/\/api.w.org\/{rel}","templated":true}]}}