{"id":60547,"date":"2025-08-01T11:23:12","date_gmt":"2025-08-01T14:23:12","guid":{"rendered":"https:\/\/www.sincomam.org.br\/?p=60547"},"modified":"2025-08-01T11:23:12","modified_gmt":"2025-08-01T14:23:12","slug":"saam-towage-incorpora-2-rebocadores-de-80-tte-para-operacoes-no-chile-e-peru","status":"publish","type":"post","link":"https:\/\/www.sincomam.org.br\/index.php\/saam-towage-incorpora-2-rebocadores-de-80-tte-para-operacoes-no-chile-e-peru\/","title":{"rendered":"Saam Towage incorpora 2 rebocadores de 80 TTE para opera\u00e7\u00f5es no Chile e Peru"},"content":{"rendered":"<p>A operadora de rebocadores Saam Towage anunciou, nesta quinta-feira (31), a incorpora\u00e7\u00e3o \u00e0 sua frota de duas novas unidades de \u00faltima gera\u00e7\u00e3o: Saam Petrel e o Saam Charr\u00e1n (foto). Constru\u00eddas no estaleiro Sanmar, na Turquia, as embarca\u00e7\u00f5es t\u00eam, cada uma, 24,4 metros de comprimento, 12 metros de largura e capacidade de tra\u00e7\u00e3o de 80 toneladas (bollard pull), atingem velocidade m\u00e1xima de 13 n\u00f3s e s\u00e3o equipadas com motores Caterpillar, que produzem 2.350 kW a 1.800 rpm.<\/p>\n<p>Segundo a empresa, o Saam Petrel est\u00e1 a caminho do porto de Arica, no Chile, e o Saam Charr\u00e1n j\u00e1 est\u00e1 no porto de Callao, no Peru, onde ser\u00e1 usado nas opera\u00e7\u00f5es de atraca\u00e7\u00e3o e desatraca\u00e7\u00e3o. Eles contam com sistema de controle de emiss\u00f5es certificado pela IMO Tier III para a redu\u00e7\u00e3o de \u00f3xidos nitrosos (NOx).<\/p>\n<p>Os nomes dos rebocadores fazem refer\u00eancia a aves marinhas nativas das costas do Chile e do Peru, escolhas adotadas pela Saam Towage desde o in\u00edcio de suas opera\u00e7\u00f5es, h\u00e1 mais de 60 anos. Segundo Cristi\u00e1n Cifuentes, gerente da companhia para o Chile e o Peru, a incorpora\u00e7\u00e3o dos dois rebocadores \u00e9 parte do plano de investimentos da empresa para otimizar sua capacidade operacional e de oferta de servi\u00e7os nos dois pa\u00edses.<\/p>\n<p>Fonte: Portos e Navios<\/p>\n","protected":false},"excerpt":{"rendered":"<p>A operadora de rebocadores Saam Towage anunciou, nesta quinta-feira (31), a incorpora\u00e7\u00e3o \u00e0 sua frota de duas novas unidades de \u00faltima gera\u00e7\u00e3o: Saam Petrel e&#8230;<\/p>\n","protected":false},"author":1527,"featured_media":60548,"comment_status":"closed","ping_status":"closed","sticky":false,"template":"","format":"standard","meta":{"footnotes":""},"categories":[6],"tags":[],"class_list":["post-60547","post","type-post","status-publish","format-standard","has-post-thumbnail","hentry","category-noticias"],"_links":{"self":[{"href":"https:\/\/www.sincomam.org.br\/index.php\/wp-json\/wp\/v2\/posts\/60547","targetHints":{"allow":["GET"]}}],"collection":[{"href":"https:\/\/www.sincomam.org.br\/index.php\/wp-json\/wp\/v2\/posts"}],"about":[{"href":"https:\/\/www.sincomam.org.br\/index.php\/wp-json\/wp\/v2\/types\/post"}],"author":[{"embeddable":true,"href":"https:\/\/www.sincomam.org.br\/index.php\/wp-json\/wp\/v2\/users\/1527"}],"replies":[{"embeddable":true,"href":"https:\/\/www.sincomam.org.br\/index.php\/wp-json\/wp\/v2\/comments?post=60547"}],"version-history":[{"count":1,"href":"https:\/\/www.sincomam.org.br\/index.php\/wp-json\/wp\/v2\/posts\/60547\/revisions"}],"predecessor-version":[{"id":60549,"href":"https:\/\/www.sincomam.org.br\/index.php\/wp-json\/wp\/v2\/posts\/60547\/revisions\/60549"}],"wp:featuredmedia":[{"embeddable":true,"href":"https:\/\/www.sincomam.org.br\/index.php\/wp-json\/wp\/v2\/media\/60548"}],"wp:attachment":[{"href":"https:\/\/www.sincomam.org.br\/index.php\/wp-json\/wp\/v2\/media?parent=60547"}],"wp:term":[{"taxonomy":"category","embeddable":true,"href":"https:\/\/www.sincomam.org.br\/index.php\/wp-json\/wp\/v2\/categories?post=60547"},{"taxonomy":"post_tag","embeddable":true,"href":"https:\/\/www.sincomam.org.br\/index.php\/wp-json\/wp\/v2\/tags?post=60547"}],"curies":[{"name":"wp","href":"https:\/\/api.w.org\/{rel}","templated":true}]}}