{"id":60540,"date":"2025-08-01T11:19:40","date_gmt":"2025-08-01T14:19:40","guid":{"rendered":"https:\/\/www.sincomam.org.br\/?p=60540"},"modified":"2025-08-01T11:19:40","modified_gmt":"2025-08-01T14:19:40","slug":"costa-filho-afirma-que-hidrovias-sao-prioridade","status":"publish","type":"post","link":"https:\/\/www.sincomam.org.br\/index.php\/costa-filho-afirma-que-hidrovias-sao-prioridade\/","title":{"rendered":"Costa Filho afirma que hidrovias s\u00e3o prioridade"},"content":{"rendered":"<p>O ministro de portos e aeroportos, Silvio Costa Filho, afirmou, na \u00faltima quarta-feira (30), que a amplia\u00e7\u00e3o das hidrovias e o avan\u00e7o da sustentabilidade s\u00e3o essenciais para reduzir custos, integrar regi\u00f5es e atrair investimentos. Ele disse que, pela primeira vez no pa\u00eds, as hidrovias passaram a ser tratadas como prioridade para o desenvolvimento log\u00edstico e destacou que o Brasil tem mais de 20 mil quil\u00f4metros de hidrovias naveg\u00e1veis e potencial para chegar a 60 mil quil\u00f4metros.<\/p>\n<p>\u201cInvestir nas hidrovias \u00e9 essencial para aumentar a competitividade, reduzir custos e integrar regi\u00f5es\u201d, destacou o ministro durante evento para discutir a log\u00edstica dos transportes no Brasil, que foi promovido pelo jornal Valor Econ\u00f4mico, pela Infra S.A. e pelo Minist\u00e9rio dos Transportes, em S\u00e3o Paulo (SP). Na ocasi\u00e3o, Costa Filho ressaltou que, ainda neste ano, ser\u00e1 feita a primeira concess\u00e3o hidrovi\u00e1ria do Brasil, na hidrovia Paraguai-Paran\u00e1, que ser\u00e1 usada para o escoamento de cargas como celulose e min\u00e9rios e para integra\u00e7\u00e3o com o Porto de Chancay, no Peru.<\/p>\n<p>Ele tamb\u00e9m confirmou a inten\u00e7\u00e3o de conceder as hidrovias do Madeira e do Tocantins. \u201cElas podem reduzir em at\u00e9 40% os custos log\u00edsticos\u201d, estima Costa Filho. Segundo o ministro, o Brasil tem condi\u00e7\u00f5es de liderar o setor de infraestrutura log\u00edstica globalmente, oferecendo projetos com boa rentabilidade e alinhamento \u00e0 agenda mundial de sustentabilidade. Ele considera que a log\u00edstica nacional \u00e9 um diferencial para ampliar mercados, sobretudo na \u00c1sia, e que o governo est\u00e1 empenhado na moderniza\u00e7\u00e3o dos portos e aeroportos e no fomento a parcerias com o setor privado na integra\u00e7\u00e3o entre rodovias, ferrovias e hidrovias.<\/p>\n<p>Fonte: Minist\u00e9rio de Portos e Aeroportos<\/p>\n","protected":false},"excerpt":{"rendered":"<p>O ministro de portos e aeroportos, Silvio Costa Filho, afirmou, na \u00faltima quarta-feira (30), que a amplia\u00e7\u00e3o das hidrovias e o avan\u00e7o da sustentabilidade s\u00e3o&#8230;<\/p>\n","protected":false},"author":1527,"featured_media":60541,"comment_status":"closed","ping_status":"closed","sticky":false,"template":"","format":"standard","meta":{"footnotes":""},"categories":[6],"tags":[],"class_list":["post-60540","post","type-post","status-publish","format-standard","has-post-thumbnail","hentry","category-noticias"],"_links":{"self":[{"href":"https:\/\/www.sincomam.org.br\/index.php\/wp-json\/wp\/v2\/posts\/60540","targetHints":{"allow":["GET"]}}],"collection":[{"href":"https:\/\/www.sincomam.org.br\/index.php\/wp-json\/wp\/v2\/posts"}],"about":[{"href":"https:\/\/www.sincomam.org.br\/index.php\/wp-json\/wp\/v2\/types\/post"}],"author":[{"embeddable":true,"href":"https:\/\/www.sincomam.org.br\/index.php\/wp-json\/wp\/v2\/users\/1527"}],"replies":[{"embeddable":true,"href":"https:\/\/www.sincomam.org.br\/index.php\/wp-json\/wp\/v2\/comments?post=60540"}],"version-history":[{"count":1,"href":"https:\/\/www.sincomam.org.br\/index.php\/wp-json\/wp\/v2\/posts\/60540\/revisions"}],"predecessor-version":[{"id":60542,"href":"https:\/\/www.sincomam.org.br\/index.php\/wp-json\/wp\/v2\/posts\/60540\/revisions\/60542"}],"wp:featuredmedia":[{"embeddable":true,"href":"https:\/\/www.sincomam.org.br\/index.php\/wp-json\/wp\/v2\/media\/60541"}],"wp:attachment":[{"href":"https:\/\/www.sincomam.org.br\/index.php\/wp-json\/wp\/v2\/media?parent=60540"}],"wp:term":[{"taxonomy":"category","embeddable":true,"href":"https:\/\/www.sincomam.org.br\/index.php\/wp-json\/wp\/v2\/categories?post=60540"},{"taxonomy":"post_tag","embeddable":true,"href":"https:\/\/www.sincomam.org.br\/index.php\/wp-json\/wp\/v2\/tags?post=60540"}],"curies":[{"name":"wp","href":"https:\/\/api.w.org\/{rel}","templated":true}]}}