{"id":60530,"date":"2025-07-31T12:59:48","date_gmt":"2025-07-31T15:59:48","guid":{"rendered":"https:\/\/www.sincomam.org.br\/?p=60530"},"modified":"2025-07-31T12:59:48","modified_gmt":"2025-07-31T15:59:48","slug":"marinha-capacita-militares-no-sistema-de-comando-de-incidentes-sci","status":"publish","type":"post","link":"https:\/\/www.sincomam.org.br\/index.php\/marinha-capacita-militares-no-sistema-de-comando-de-incidentes-sci\/","title":{"rendered":"Marinha capacita militares no Sistema de Comando de Incidentes (SCI)"},"content":{"rendered":"<p>Preparar-se para o inesperado \u00e9 uma das miss\u00f5es centrais da Marinha. Em parceria com \u00f3rg\u00e3os ambientais e empresas privadas, a\u00a0Capitania dos Portos do Rio de Janeiro (CPRJ)\u00a0capacitou seus militares nos m\u00f3dulos 100 e 200 do\u00a0Sistema de Comando de Incidentes (SCI), ferramenta essencial na gest\u00e3o de emerg\u00eancias. O treinamento visa garantir efici\u00eancia, rapidez e integra\u00e7\u00e3o em situa\u00e7\u00f5es que exigem resposta imediata.<\/p>\n<h3 class=\"wp-block-heading\"><strong>O que \u00e9 o Sistema de Comando de Incidentes (SCI) e como ele funciona<\/strong><\/h3>\n<p>O\u00a0Sistema de Comando de Incidentes (SCI)\u00a0\u00e9 um modelo internacionalmente reconhecido de gest\u00e3o de crises, adotado pelo\u00a0Plano Nacional de Conting\u00eancia (PNC)\u00a0no\u00a0Brasil. Sua estrutura padronizada permite que m\u00faltiplas organiza\u00e7\u00f5es atuem de forma\u00a0coordenada, eficiente e hierarquizada\u00a0durante situa\u00e7\u00f5es cr\u00edticas como vazamentos de \u00f3leo, desastres naturais, inc\u00eandios ou colis\u00f5es mar\u00edtimas.<\/p>\n<p>O adestramento promovido pela\u00a0CPRJ\u00a0abordou os\u00a0m\u00f3dulos 100 e 200, voltados para a compreens\u00e3o da doutrina, estrutura organizacional e princ\u00edpios operacionais do SCI. Ao dominar esse sistema, os militares estar\u00e3o aptos a\u00a0assumir pap\u00e9is-chave na cadeia de comando, facilitando a articula\u00e7\u00e3o entre a Marinha, \u00f3rg\u00e3os ambientais e empresas envolvidas na resposta a emerg\u00eancias.<\/p>\n<h3 class=\"wp-block-heading\"><strong>A import\u00e2ncia da atua\u00e7\u00e3o integrada entre Marinha, \u00f3rg\u00e3os ambientais e setor privado<\/strong><\/h3>\n<p>O treinamento contou com apoio do\u00a0Instituto Estadual do Ambiente (INEA)\u00a0e das empresas\u00a0OceanPact\u00a0e\u00a0EnvironPact, que atuam diretamente na\u00a0conten\u00e7\u00e3o e mitiga\u00e7\u00e3o de desastres ambientais. Essa sinergia entre os setores p\u00fablico e privado reflete uma tend\u00eancia crescente na gest\u00e3o moderna de riscos: a\u00a0coopera\u00e7\u00e3o interinstitucional\u00a0para garantir respostas r\u00e1pidas, bem estruturadas e eficazes.<\/p>\n<p>A capacita\u00e7\u00e3o tamb\u00e9m fortalece a cultura de\u00a0preven\u00e7\u00e3o e prepara\u00e7\u00e3o, assegurando que todos os agentes envolvidos compreendam suas responsabilidades e estejam alinhados quanto aos procedimentos. Para a Marinha, isso significa ampliar sua capacidade de resposta e atuar como agente coordenador em opera\u00e7\u00f5es que exigem\u00a0lideran\u00e7a e capacidade t\u00e9cnica em cen\u00e1rios complexos.<\/p>\n<h3 class=\"wp-block-heading\"><strong>A prepara\u00e7\u00e3o da CPRJ para o simulado de emerg\u00eancia na Ba\u00eda de Guanabara<\/strong><\/h3>\n<p>O treinamento integra os preparativos da\u00a0Capitania dos Portos do Rio de Janeiro\u00a0para o\u00a0Simulado de Emerg\u00eancia do Plano de \u00c1rea da Ba\u00eda de Guanabara (PABG), previsto para o dia\u00a014 de agosto. O exerc\u00edcio reunir\u00e1 diversas institui\u00e7\u00f5es civis, militares e privadas para testar a resposta coordenada a um cen\u00e1rio simulado de crise ambiental, envolvendo derramamento de \u00f3leo e impactos \u00e0 navega\u00e7\u00e3o.<\/p>\n<p>Al\u00e9m de treinar o uso do SCI, a atividade permitir\u00e1 avaliar o tempo de resposta, a mobiliza\u00e7\u00e3o de recursos e a efic\u00e1cia das comunica\u00e7\u00f5es entre as partes. Para a CPRJ, trata-se de um momento estrat\u00e9gico para consolidar sua posi\u00e7\u00e3o como\u00a0autoridade mar\u00edtima regional\u00a0e garantir que o entorno da Ba\u00eda de Guanabara, uma das \u00e1reas mais sens\u00edveis do litoral fluminense, esteja preparado para reagir a qualquer eventualidade com\u00a0profissionalismo e agilidade.<\/p>\n<p>Fonte: Defesa em Foco<\/p>\n","protected":false},"excerpt":{"rendered":"<p>Preparar-se para o inesperado \u00e9 uma das miss\u00f5es centrais da Marinha. Em parceria com \u00f3rg\u00e3os ambientais e empresas privadas, a\u00a0Capitania dos Portos do Rio de&#8230;<\/p>\n","protected":false},"author":1527,"featured_media":60531,"comment_status":"closed","ping_status":"closed","sticky":false,"template":"","format":"standard","meta":{"footnotes":""},"categories":[6],"tags":[],"class_list":["post-60530","post","type-post","status-publish","format-standard","has-post-thumbnail","hentry","category-noticias"],"_links":{"self":[{"href":"https:\/\/www.sincomam.org.br\/index.php\/wp-json\/wp\/v2\/posts\/60530","targetHints":{"allow":["GET"]}}],"collection":[{"href":"https:\/\/www.sincomam.org.br\/index.php\/wp-json\/wp\/v2\/posts"}],"about":[{"href":"https:\/\/www.sincomam.org.br\/index.php\/wp-json\/wp\/v2\/types\/post"}],"author":[{"embeddable":true,"href":"https:\/\/www.sincomam.org.br\/index.php\/wp-json\/wp\/v2\/users\/1527"}],"replies":[{"embeddable":true,"href":"https:\/\/www.sincomam.org.br\/index.php\/wp-json\/wp\/v2\/comments?post=60530"}],"version-history":[{"count":1,"href":"https:\/\/www.sincomam.org.br\/index.php\/wp-json\/wp\/v2\/posts\/60530\/revisions"}],"predecessor-version":[{"id":60532,"href":"https:\/\/www.sincomam.org.br\/index.php\/wp-json\/wp\/v2\/posts\/60530\/revisions\/60532"}],"wp:featuredmedia":[{"embeddable":true,"href":"https:\/\/www.sincomam.org.br\/index.php\/wp-json\/wp\/v2\/media\/60531"}],"wp:attachment":[{"href":"https:\/\/www.sincomam.org.br\/index.php\/wp-json\/wp\/v2\/media?parent=60530"}],"wp:term":[{"taxonomy":"category","embeddable":true,"href":"https:\/\/www.sincomam.org.br\/index.php\/wp-json\/wp\/v2\/categories?post=60530"},{"taxonomy":"post_tag","embeddable":true,"href":"https:\/\/www.sincomam.org.br\/index.php\/wp-json\/wp\/v2\/tags?post=60530"}],"curies":[{"name":"wp","href":"https:\/\/api.w.org\/{rel}","templated":true}]}}